{"id":123,"date":"2012-12-26T17:31:16","date_gmt":"2012-12-26T17:31:16","guid":{"rendered":"http:\/\/valparaisoediciones.es\/noticias\/?p=123"},"modified":"2026-03-03T17:36:57","modified_gmt":"2026-03-03T17:36:57","slug":"nathalie-handal-presenta-las-horas-suspendidas","status":"publish","type":"post","link":"https:\/\/valparaisoediciones.es\/noticias\/2012\/12\/nathalie-handal-presenta-las-horas-suspendidas\/","title":{"rendered":"Nathalie Handal presenta \u00abLas horas suspendidas\u00bb"},"content":{"rendered":"<figure id=\"attachment_95\" aria-describedby=\"caption-attachment-95\" style=\"width: 400px\" class=\"wp-caption alignnone\"><a href=\"https:\/\/valparaisoediciones.es\/noticias\/nathalie-handal-poeta\/\" rel=\"attachment wp-att-95\"><img loading=\"lazy\" decoding=\"async\" class=\" wp-image-95\" alt=\"Las horas suspendidas\" src=\"http:\/\/valparaisoediciones.es\/noticias\/wp-content\/uploads\/2012\/12\/NATHALIE-HANDAL-20.jpg\" width=\"400\" height=\"400\" srcset=\"https:\/\/valparaisoediciones.es\/noticias\/wp-content\/uploads\/2012\/12\/NATHALIE-HANDAL-20.jpg 400w, https:\/\/valparaisoediciones.es\/noticias\/wp-content\/uploads\/2012\/12\/NATHALIE-HANDAL-20-150x150.jpg 150w, https:\/\/valparaisoediciones.es\/noticias\/wp-content\/uploads\/2012\/12\/NATHALIE-HANDAL-20-300x300.jpg 300w\" sizes=\"auto, (max-width: 400px) 100vw, 400px\" \/><\/a><figcaption id=\"caption-attachment-95\" class=\"wp-caption-text\">Fotograf\u00eda de Jes\u00fas Ochando.<\/figcaption><\/figure>\n<p>Dejamos un enlace al libro, por si quer\u00e9is m\u00e1s detalles <a href=\"http:\/\/valparaisoediciones.es\/11--las-horas-suspendidas.html\">haciendo clic aqu\u00ed<\/a>.<\/p>\n","protected":false},"excerpt":{"rendered":"<p>Dejamos un enlace al libro, por si quer\u00e9is m\u00e1s detalles haciendo clic aqu\u00ed.<\/p>\n","protected":false},"author":3,"featured_media":95,"comment_status":"open","ping_status":"open","sticky":false,"template":"","format":"standard","meta":{"footnotes":""},"categories":[21,5],"tags":[17,344,337,19],"class_list":["post-123","post","type-post","status-publish","format-standard","has-post-thumbnail","hentry","category-galerias","category-multimedia","tag-coleccion","tag-las-horas-suspendidas","tag-nathalie-handal","tag-poesia"],"yoast_head":"<!-- This site is optimized with the Yoast SEO plugin v24.7 - https:\/\/yoast.com\/wordpress\/plugins\/seo\/ -->\n<title>Nathalie Handal presenta &quot;Las horas suspendidas&quot; - Valparaiso Ediciones<\/title>\n<meta name=\"robots\" content=\"index, follow, max-snippet:-1, max-image-preview:large, max-video-preview:-1\" \/>\n<link rel=\"canonical\" href=\"https:\/\/valparaisoediciones.es\/noticias\/2012\/12\/nathalie-handal-presenta-las-horas-suspendidas\/\" \/>\n<meta property=\"og:locale\" content=\"es_ES\" \/>\n<meta property=\"og:type\" content=\"article\" \/>\n<meta property=\"og:title\" content=\"Nathalie Handal presenta &quot;Las horas suspendidas&quot; - Valparaiso Ediciones\" \/>\n<meta property=\"og:description\" content=\"Dejamos un enlace al libro, por si quer\u00e9is m\u00e1s detalles haciendo clic aqu\u00ed.\" \/>\n<meta property=\"og:url\" content=\"https:\/\/valparaisoediciones.es\/noticias\/2012\/12\/nathalie-handal-presenta-las-horas-suspendidas\/\" \/>\n<meta property=\"og:site_name\" content=\"Valparaiso Ediciones\" \/>\n<meta property=\"article:publisher\" content=\"https:\/\/www.facebook.com\/valparaiso.ediciones\" \/>\n<meta property=\"article:published_time\" content=\"2012-12-26T17:31:16+00:00\" \/>\n<meta property=\"article:modified_time\" content=\"2026-03-03T17:36:57+00:00\" \/>\n<meta property=\"og:image\" content=\"https:\/\/valparaisoediciones.es\/noticias\/wp-content\/uploads\/2012\/12\/NATHALIE-HANDAL-20.jpg\" \/>\n\t<meta property=\"og:image:width\" content=\"400\" \/>\n\t<meta property=\"og:image:height\" content=\"400\" \/>\n\t<meta property=\"og:image:type\" content=\"image\/jpeg\" \/>\n<meta name=\"author\" content=\"Administrador\" \/>\n<meta name=\"twitter:card\" content=\"summary_large_image\" \/>\n<meta name=\"twitter:creator\" content=\"@ValparaisoEd\" \/>\n<meta name=\"twitter:site\" content=\"@ValparaisoEd\" \/>\n<meta name=\"twitter:label1\" content=\"Escrito por\" \/>\n\t<meta name=\"twitter:data1\" content=\"Administrador\" \/>\n\t<meta name=\"twitter:label2\" content=\"Tiempo de lectura\" \/>\n\t<meta name=\"twitter:data2\" content=\"1 minuto\" \/>\n<script type=\"application\/ld+json\" class=\"yoast-schema-graph\">{\"@context\":\"https:\/\/schema.org\",\"@graph\":[{\"@type\":\"Article\",\"@id\":\"https:\/\/valparaisoediciones.es\/noticias\/2012\/12\/nathalie-handal-presenta-las-horas-suspendidas\/#article\",\"isPartOf\":{\"@id\":\"https:\/\/valparaisoediciones.es\/noticias\/2012\/12\/nathalie-handal-presenta-las-horas-suspendidas\/\"},\"author\":{\"name\":\"Administrador\",\"@id\":\"https:\/\/valparaisoediciones.es\/noticias\/#\/schema\/person\/a23eb8fd06a3539c8ffe2230e32817f1\"},\"headline\":\"Nathalie Handal presenta \u00abLas horas suspendidas\u00bb\",\"datePublished\":\"2012-12-26T17:31:16+00:00\",\"dateModified\":\"2026-03-03T17:36:57+00:00\",\"mainEntityOfPage\":{\"@id\":\"https:\/\/valparaisoediciones.es\/noticias\/2012\/12\/nathalie-handal-presenta-las-horas-suspendidas\/\"},\"wordCount\":34,\"commentCount\":0,\"publisher\":{\"@id\":\"https:\/\/valparaisoediciones.es\/noticias\/#organization\"},\"image\":{\"@id\":\"https:\/\/valparaisoediciones.es\/noticias\/2012\/12\/nathalie-handal-presenta-las-horas-suspendidas\/#primaryimage\"},\"thumbnailUrl\":\"https:\/\/valparaisoediciones.es\/noticias\/wp-content\/uploads\/2012\/12\/NATHALIE-HANDAL-20.jpg\",\"keywords\":[\"Colecci\u00f3n\",\"Las horas suspendidas\",\"Nathalie Handal\",\"poes\u00eda\"],\"articleSection\":[\"Galer\u00edas\",\"Multimedia\"],\"inLanguage\":\"es\",\"potentialAction\":[{\"@type\":\"CommentAction\",\"name\":\"Comment\",\"target\":[\"https:\/\/valparaisoediciones.es\/noticias\/2012\/12\/nathalie-handal-presenta-las-horas-suspendidas\/#respond\"]}]},{\"@type\":\"WebPage\",\"@id\":\"https:\/\/valparaisoediciones.es\/noticias\/2012\/12\/nathalie-handal-presenta-las-horas-suspendidas\/\",\"url\":\"https:\/\/valparaisoediciones.es\/noticias\/2012\/12\/nathalie-handal-presenta-las-horas-suspendidas\/\",\"name\":\"Nathalie Handal presenta \\\"Las horas suspendidas\\\" - Valparaiso Ediciones\",\"isPartOf\":{\"@id\":\"https:\/\/valparaisoediciones.es\/noticias\/#website\"},\"primaryImageOfPage\":{\"@id\":\"https:\/\/valparaisoediciones.es\/noticias\/2012\/12\/nathalie-handal-presenta-las-horas-suspendidas\/#primaryimage\"},\"image\":{\"@id\":\"https:\/\/valparaisoediciones.es\/noticias\/2012\/12\/nathalie-handal-presenta-las-horas-suspendidas\/#primaryimage\"},\"thumbnailUrl\":\"https:\/\/valparaisoediciones.es\/noticias\/wp-content\/uploads\/2012\/12\/NATHALIE-HANDAL-20.jpg\",\"datePublished\":\"2012-12-26T17:31:16+00:00\",\"dateModified\":\"2026-03-03T17:36:57+00:00\",\"breadcrumb\":{\"@id\":\"https:\/\/valparaisoediciones.es\/noticias\/2012\/12\/nathalie-handal-presenta-las-horas-suspendidas\/#breadcrumb\"},\"inLanguage\":\"es\",\"potentialAction\":[{\"@type\":\"ReadAction\",\"target\":[\"https:\/\/valparaisoediciones.es\/noticias\/2012\/12\/nathalie-handal-presenta-las-horas-suspendidas\/\"]}]},{\"@type\":\"ImageObject\",\"inLanguage\":\"es\",\"@id\":\"https:\/\/valparaisoediciones.es\/noticias\/2012\/12\/nathalie-handal-presenta-las-horas-suspendidas\/#primaryimage\",\"url\":\"https:\/\/valparaisoediciones.es\/noticias\/wp-content\/uploads\/2012\/12\/NATHALIE-HANDAL-20.jpg\",\"contentUrl\":\"https:\/\/valparaisoediciones.es\/noticias\/wp-content\/uploads\/2012\/12\/NATHALIE-HANDAL-20.jpg\",\"width\":400,\"height\":400},{\"@type\":\"BreadcrumbList\",\"@id\":\"https:\/\/valparaisoediciones.es\/noticias\/2012\/12\/nathalie-handal-presenta-las-horas-suspendidas\/#breadcrumb\",\"itemListElement\":[{\"@type\":\"ListItem\",\"position\":1,\"name\":\"Portada\",\"item\":\"https:\/\/valparaisoediciones.es\/noticias\/\"},{\"@type\":\"ListItem\",\"position\":2,\"name\":\"Nathalie Handal presenta \u00abLas horas suspendidas\u00bb\"}]},{\"@type\":\"WebSite\",\"@id\":\"https:\/\/valparaisoediciones.es\/noticias\/#website\",\"url\":\"https:\/\/valparaisoediciones.es\/noticias\/\",\"name\":\"Valparaiso Ediciones\",\"description\":\"Noticias\",\"publisher\":{\"@id\":\"https:\/\/valparaisoediciones.es\/noticias\/#organization\"},\"potentialAction\":[{\"@type\":\"SearchAction\",\"target\":{\"@type\":\"EntryPoint\",\"urlTemplate\":\"https:\/\/valparaisoediciones.es\/noticias\/?s={search_term_string}\"},\"query-input\":{\"@type\":\"PropertyValueSpecification\",\"valueRequired\":true,\"valueName\":\"search_term_string\"}}],\"inLanguage\":\"es\"},{\"@type\":\"Organization\",\"@id\":\"https:\/\/valparaisoediciones.es\/noticias\/#organization\",\"name\":\"Valpara\u00edso Ediciones\",\"url\":\"https:\/\/valparaisoediciones.es\/noticias\/\",\"logo\":{\"@type\":\"ImageObject\",\"inLanguage\":\"es\",\"@id\":\"https:\/\/valparaisoediciones.es\/noticias\/#\/schema\/logo\/image\/\",\"url\":\"http:\/\/valparaisoediciones.es\/noticias\/wp-content\/uploads\/2012\/12\/logo.png\",\"contentUrl\":\"http:\/\/valparaisoediciones.es\/noticias\/wp-content\/uploads\/2012\/12\/logo.png\",\"width\":320,\"height\":121,\"caption\":\"Valpara\u00edso Ediciones\"},\"image\":{\"@id\":\"https:\/\/valparaisoediciones.es\/noticias\/#\/schema\/logo\/image\/\"},\"sameAs\":[\"https:\/\/www.facebook.com\/valparaiso.ediciones\",\"https:\/\/x.com\/ValparaisoEd\"]},{\"@type\":\"Person\",\"@id\":\"https:\/\/valparaisoediciones.es\/noticias\/#\/schema\/person\/a23eb8fd06a3539c8ffe2230e32817f1\",\"name\":\"Administrador\",\"image\":{\"@type\":\"ImageObject\",\"inLanguage\":\"es\",\"@id\":\"https:\/\/valparaisoediciones.es\/noticias\/#\/schema\/person\/image\/\",\"url\":\"https:\/\/secure.gravatar.com\/avatar\/7bca4ba132c9cf6584007b282c38c7c3c01797d94c033ae2f6efa9a85b829dcd?s=96&d=blank&r=g\",\"contentUrl\":\"https:\/\/secure.gravatar.com\/avatar\/7bca4ba132c9cf6584007b282c38c7c3c01797d94c033ae2f6efa9a85b829dcd?s=96&d=blank&r=g\",\"caption\":\"Administrador\"},\"sameAs\":[\"http:\/\/valparaisoediciones.es\"],\"url\":\"https:\/\/valparaisoediciones.es\/noticias\/author\/administrador\/\"}]}<\/script>\n<!-- \/ Yoast SEO plugin. -->","yoast_head_json":{"title":"Nathalie Handal presenta \"Las horas suspendidas\" - Valparaiso Ediciones","robots":{"index":"index","follow":"follow","max-snippet":"max-snippet:-1","max-image-preview":"max-image-preview:large","max-video-preview":"max-video-preview:-1"},"canonical":"https:\/\/valparaisoediciones.es\/noticias\/2012\/12\/nathalie-handal-presenta-las-horas-suspendidas\/","og_locale":"es_ES","og_type":"article","og_title":"Nathalie Handal presenta \"Las horas suspendidas\" - Valparaiso Ediciones","og_description":"Dejamos un enlace al libro, por si quer\u00e9is m\u00e1s detalles haciendo clic aqu\u00ed.","og_url":"https:\/\/valparaisoediciones.es\/noticias\/2012\/12\/nathalie-handal-presenta-las-horas-suspendidas\/","og_site_name":"Valparaiso Ediciones","article_publisher":"https:\/\/www.facebook.com\/valparaiso.ediciones","article_published_time":"2012-12-26T17:31:16+00:00","article_modified_time":"2026-03-03T17:36:57+00:00","og_image":[{"width":400,"height":400,"url":"https:\/\/valparaisoediciones.es\/noticias\/wp-content\/uploads\/2012\/12\/NATHALIE-HANDAL-20.jpg","type":"image\/jpeg"}],"author":"Administrador","twitter_card":"summary_large_image","twitter_creator":"@ValparaisoEd","twitter_site":"@ValparaisoEd","twitter_misc":{"Escrito por":"Administrador","Tiempo de lectura":"1 minuto"},"schema":{"@context":"https:\/\/schema.org","@graph":[{"@type":"Article","@id":"https:\/\/valparaisoediciones.es\/noticias\/2012\/12\/nathalie-handal-presenta-las-horas-suspendidas\/#article","isPartOf":{"@id":"https:\/\/valparaisoediciones.es\/noticias\/2012\/12\/nathalie-handal-presenta-las-horas-suspendidas\/"},"author":{"name":"Administrador","@id":"https:\/\/valparaisoediciones.es\/noticias\/#\/schema\/person\/a23eb8fd06a3539c8ffe2230e32817f1"},"headline":"Nathalie Handal presenta \u00abLas horas suspendidas\u00bb","datePublished":"2012-12-26T17:31:16+00:00","dateModified":"2026-03-03T17:36:57+00:00","mainEntityOfPage":{"@id":"https:\/\/valparaisoediciones.es\/noticias\/2012\/12\/nathalie-handal-presenta-las-horas-suspendidas\/"},"wordCount":34,"commentCount":0,"publisher":{"@id":"https:\/\/valparaisoediciones.es\/noticias\/#organization"},"image":{"@id":"https:\/\/valparaisoediciones.es\/noticias\/2012\/12\/nathalie-handal-presenta-las-horas-suspendidas\/#primaryimage"},"thumbnailUrl":"https:\/\/valparaisoediciones.es\/noticias\/wp-content\/uploads\/2012\/12\/NATHALIE-HANDAL-20.jpg","keywords":["Colecci\u00f3n","Las horas suspendidas","Nathalie Handal","poes\u00eda"],"articleSection":["Galer\u00edas","Multimedia"],"inLanguage":"es","potentialAction":[{"@type":"CommentAction","name":"Comment","target":["https:\/\/valparaisoediciones.es\/noticias\/2012\/12\/nathalie-handal-presenta-las-horas-suspendidas\/#respond"]}]},{"@type":"WebPage","@id":"https:\/\/valparaisoediciones.es\/noticias\/2012\/12\/nathalie-handal-presenta-las-horas-suspendidas\/","url":"https:\/\/valparaisoediciones.es\/noticias\/2012\/12\/nathalie-handal-presenta-las-horas-suspendidas\/","name":"Nathalie Handal presenta \"Las horas suspendidas\" - Valparaiso Ediciones","isPartOf":{"@id":"https:\/\/valparaisoediciones.es\/noticias\/#website"},"primaryImageOfPage":{"@id":"https:\/\/valparaisoediciones.es\/noticias\/2012\/12\/nathalie-handal-presenta-las-horas-suspendidas\/#primaryimage"},"image":{"@id":"https:\/\/valparaisoediciones.es\/noticias\/2012\/12\/nathalie-handal-presenta-las-horas-suspendidas\/#primaryimage"},"thumbnailUrl":"https:\/\/valparaisoediciones.es\/noticias\/wp-content\/uploads\/2012\/12\/NATHALIE-HANDAL-20.jpg","datePublished":"2012-12-26T17:31:16+00:00","dateModified":"2026-03-03T17:36:57+00:00","breadcrumb":{"@id":"https:\/\/valparaisoediciones.es\/noticias\/2012\/12\/nathalie-handal-presenta-las-horas-suspendidas\/#breadcrumb"},"inLanguage":"es","potentialAction":[{"@type":"ReadAction","target":["https:\/\/valparaisoediciones.es\/noticias\/2012\/12\/nathalie-handal-presenta-las-horas-suspendidas\/"]}]},{"@type":"ImageObject","inLanguage":"es","@id":"https:\/\/valparaisoediciones.es\/noticias\/2012\/12\/nathalie-handal-presenta-las-horas-suspendidas\/#primaryimage","url":"https:\/\/valparaisoediciones.es\/noticias\/wp-content\/uploads\/2012\/12\/NATHALIE-HANDAL-20.jpg","contentUrl":"https:\/\/valparaisoediciones.es\/noticias\/wp-content\/uploads\/2012\/12\/NATHALIE-HANDAL-20.jpg","width":400,"height":400},{"@type":"BreadcrumbList","@id":"https:\/\/valparaisoediciones.es\/noticias\/2012\/12\/nathalie-handal-presenta-las-horas-suspendidas\/#breadcrumb","itemListElement":[{"@type":"ListItem","position":1,"name":"Portada","item":"https:\/\/valparaisoediciones.es\/noticias\/"},{"@type":"ListItem","position":2,"name":"Nathalie Handal presenta \u00abLas horas suspendidas\u00bb"}]},{"@type":"WebSite","@id":"https:\/\/valparaisoediciones.es\/noticias\/#website","url":"https:\/\/valparaisoediciones.es\/noticias\/","name":"Valparaiso Ediciones","description":"Noticias","publisher":{"@id":"https:\/\/valparaisoediciones.es\/noticias\/#organization"},"potentialAction":[{"@type":"SearchAction","target":{"@type":"EntryPoint","urlTemplate":"https:\/\/valparaisoediciones.es\/noticias\/?s={search_term_string}"},"query-input":{"@type":"PropertyValueSpecification","valueRequired":true,"valueName":"search_term_string"}}],"inLanguage":"es"},{"@type":"Organization","@id":"https:\/\/valparaisoediciones.es\/noticias\/#organization","name":"Valpara\u00edso Ediciones","url":"https:\/\/valparaisoediciones.es\/noticias\/","logo":{"@type":"ImageObject","inLanguage":"es","@id":"https:\/\/valparaisoediciones.es\/noticias\/#\/schema\/logo\/image\/","url":"http:\/\/valparaisoediciones.es\/noticias\/wp-content\/uploads\/2012\/12\/logo.png","contentUrl":"http:\/\/valparaisoediciones.es\/noticias\/wp-content\/uploads\/2012\/12\/logo.png","width":320,"height":121,"caption":"Valpara\u00edso Ediciones"},"image":{"@id":"https:\/\/valparaisoediciones.es\/noticias\/#\/schema\/logo\/image\/"},"sameAs":["https:\/\/www.facebook.com\/valparaiso.ediciones","https:\/\/x.com\/ValparaisoEd"]},{"@type":"Person","@id":"https:\/\/valparaisoediciones.es\/noticias\/#\/schema\/person\/a23eb8fd06a3539c8ffe2230e32817f1","name":"Administrador","image":{"@type":"ImageObject","inLanguage":"es","@id":"https:\/\/valparaisoediciones.es\/noticias\/#\/schema\/person\/image\/","url":"https:\/\/secure.gravatar.com\/avatar\/7bca4ba132c9cf6584007b282c38c7c3c01797d94c033ae2f6efa9a85b829dcd?s=96&d=blank&r=g","contentUrl":"https:\/\/secure.gravatar.com\/avatar\/7bca4ba132c9cf6584007b282c38c7c3c01797d94c033ae2f6efa9a85b829dcd?s=96&d=blank&r=g","caption":"Administrador"},"sameAs":["http:\/\/valparaisoediciones.es"],"url":"https:\/\/valparaisoediciones.es\/noticias\/author\/administrador\/"}]}},"_links":{"self":[{"href":"https:\/\/valparaisoediciones.es\/noticias\/wp-json\/wp\/v2\/posts\/123","targetHints":{"allow":["GET"]}}],"collection":[{"href":"https:\/\/valparaisoediciones.es\/noticias\/wp-json\/wp\/v2\/posts"}],"about":[{"href":"https:\/\/valparaisoediciones.es\/noticias\/wp-json\/wp\/v2\/types\/post"}],"author":[{"embeddable":true,"href":"https:\/\/valparaisoediciones.es\/noticias\/wp-json\/wp\/v2\/users\/3"}],"replies":[{"embeddable":true,"href":"https:\/\/valparaisoediciones.es\/noticias\/wp-json\/wp\/v2\/comments?post=123"}],"version-history":[{"count":23,"href":"https:\/\/valparaisoediciones.es\/noticias\/wp-json\/wp\/v2\/posts\/123\/revisions"}],"predecessor-version":[{"id":1111,"href":"https:\/\/valparaisoediciones.es\/noticias\/wp-json\/wp\/v2\/posts\/123\/revisions\/1111"}],"wp:featuredmedia":[{"embeddable":true,"href":"https:\/\/valparaisoediciones.es\/noticias\/wp-json\/wp\/v2\/media\/95"}],"wp:attachment":[{"href":"https:\/\/valparaisoediciones.es\/noticias\/wp-json\/wp\/v2\/media?parent=123"}],"wp:term":[{"taxonomy":"category","embeddable":true,"href":"https:\/\/valparaisoediciones.es\/noticias\/wp-json\/wp\/v2\/categories?post=123"},{"taxonomy":"post_tag","embeddable":true,"href":"https:\/\/valparaisoediciones.es\/noticias\/wp-json\/wp\/v2\/tags?post=123"}],"curies":[{"name":"wp","href":"https:\/\/api.w.org\/{rel}","templated":true}]}}