{"id":310,"date":"2013-01-31T10:00:51","date_gmt":"2013-01-31T10:00:51","guid":{"rendered":"http:\/\/valparaisoediciones.es\/noticias\/?p=310"},"modified":"2013-03-02T21:09:38","modified_gmt":"2013-03-02T21:09:38","slug":"bases-ii-premio-alhambra-de-poesia-americana","status":"publish","type":"post","link":"https:\/\/valparaisoediciones.es\/noticias\/2013\/01\/bases-ii-premio-alhambra-de-poesia-americana\/","title":{"rendered":"II PREMIO ALHAMBRA DE POES\u00cdA AMERICANA &#8211; CONVOCATORIA CERRADA"},"content":{"rendered":"<p style=\"text-align: center;\"><span style=\"text-decoration: underline;\"><strong>CONVOCATORIA CERRADA<\/strong><\/span><\/p>\n<p style=\"text-align: justify;\">EL PATRONATO DE LA ALHAMBRA Y EL GENERALIFE, EL FESTIVAL INTERNACIONAL DE POES\u00cdA DE GRANADA y LA EDITORIAL VALPARA\u00cdSO comparten el prop\u00f3sito de difusi\u00f3n de la poes\u00eda y la convicci\u00f3n de que el espa\u00f1ol es un gran elemento de cohesi\u00f3n de nuestros pueblos y naciones, a un lado y otro del oc\u00e9ano. Por ello, para promocionar el conocimiento de la creaci\u00f3n literaria americana en Espa\u00f1a, convocan el II Premio \u201cAlhambra\u201d de Poes\u00eda Americana. A este premio podr\u00e1n optar las obras que se ajusten a las siguientes bases:<\/p>\n<p style=\"text-align: justify;\">1\u00aa\u00a0<strong>Podr\u00e1n concursar autores nacionales de cualquiera de los pa\u00edses de Am\u00e9rica que nunca hayan publicado un libro en Espa\u00f1a. Podr\u00e1n participar con obras escritas en espa\u00f1ol, y cuyos derechos no hayan sido cedidos a ning\u00fan editor en Espa\u00f1a.<\/strong><\/p>\n<p>2\u00aa El premio consta de dos categor\u00edas:<\/p>\n<p style=\"text-align: justify;\">&#8211;\u00a0<strong>OBRA PUBLICADA<\/strong>: Podr\u00e1n presentarse aquellas obras que hayan sido publicadas en su pa\u00eds de origen en los cinco a\u00f1os inmediatamente anteriores a la convocatoria del premio, siempre y cuando los derechos de la obra no hayan sido cedidos a ning\u00fan editor fuera del pa\u00eds de origen.<\/p>\n<p style=\"text-align: justify;\">&#8211;\u00a0<strong>OBRA IN\u00c9DITA<\/strong>: Podr\u00e1n presentarse obras in\u00e9ditas que deber\u00e1n tener un m\u00ednimo de 500 versos y cuyo tema ser\u00e1 libre.<\/p>\n<p>3\u00aa En cada categor\u00eda se establecer\u00e1 un ganador.<\/p>\n<p style=\"text-align: justify;\">4\u00aa Los trabajos deber\u00e1n presentarse por triplicado. En el caso del premio para obra in\u00e9dita a los ejemplares se adjuntar\u00e1 un sobre cerrado (plica), que contendr\u00e1 en su interior el nombre, la fotocopia del documento de identidad o acreditativo de la nacionalidad, la direcci\u00f3n y el tel\u00e9fono del autor, as\u00ed como un breve curriculum. En el anverso del sobre se consignar\u00e1 el t\u00edtulo de la obra.<\/p>\n<p style=\"text-align: justify;\">5\u00aa Los trabajos deber\u00e1n remitirse por triplicado a: Festival Internacional de Poes\u00eda de Granada, C\/ Fray Leopoldo 8, 1 izq, 18014, Espa\u00f1a. No se aceptar\u00e1n originales mal presentados o ilegibles. Tambi\u00e9n podr\u00e1n enviarse por correo electr\u00f3nico en formato PDF a la siguiente direcci\u00f3n:\u00a0<a href=\"mailto:premios@valparaisoediciones.es\">premios@valparaisoediciones.es<\/a>. Los trabajos que se env\u00eden por correo electr\u00f3nico tendr\u00e1n dos archivos adjuntos: por un lado el PDF de la obra sin firmar y por otro un archivo en Word o PDF con los datos personales del autor. Debe incluirse un tel\u00e9fono de contacto y una biograf\u00eda literaria.<\/p>\n<p>6\u00aa El plazo de admisi\u00f3n de originales finalizar\u00e1 el 1 de marzo de 2013. Se aceptar\u00e1n los env\u00edos que, con fecha postal dentro del t\u00e9rmino de la convocatoria, lleguen m\u00e1s tarde.<\/p>\n<p style=\"text-align: justify;\">7\u00aa El premio carece de dotaci\u00f3n econ\u00f3mica. El ganador de cada categor\u00eda ver\u00e1 publicado su libro en la editorial Valpara\u00edso con distribuci\u00f3n en toda Espa\u00f1a. El acto de entrega tendr\u00e1 lugar en la Alhambra, con presencia de los premiados que ser\u00e1n invitados a presentar el libro ganador dentro de la programaci\u00f3n del Festival Internacional de Poes\u00eda de Granada, durante el mes de mayo de 2013.<\/p>\n<p style=\"text-align: justify;\">8\u00aa El jurado estar\u00e1 compuesto por los directores del Festival Internacional de Poes\u00eda de Granada, el director de la editorial Valpara\u00edso, un representante de la Alhambra y un autor de reconocido prestigio de la poes\u00eda en espa\u00f1ol. Los nombres de los miembros del jurado ser\u00e1n revelados durante el anuncio del fallo del premio.<\/p>\n<p>9\u00aa El anuncio del fallo del premio tendr\u00e1 lugar en la Alhambra durante el mes de marzo de 2013 y ser\u00e1 anunciado con la debida antelaci\u00f3n.<\/p>\n<p>10\u00aa El jurado podr\u00e1 declarar desierto el premio si, a su juicio, ninguna obra posee calidad para obtenerlo.<\/p>\n<p style=\"text-align: justify;\">11\u00aa Los organizadores no mantendr\u00e1n correspondencia acerca de los originales presentados y los trabajos que no se premien no ser\u00e1n devueltos. Estar\u00e1n disponibles en el Festival de Poes\u00eda hasta veinte d\u00edas despu\u00e9s del fallo del jurado, al t\u00e9rmino de los cuales ser\u00e1n destruidos.<\/p>\n<p style=\"text-align: justify;\">12\u00aa El participante que, en su caso, resulte premiado, consiente y presta su autorizaci\u00f3n para la utilizaci\u00f3n, publicaci\u00f3n y divulgaci\u00f3n, con fines informativos, de su imagen, nombre y apellidos, en el Portal Web\u00a0\u00a0<a href=\"http:\/\/www.fipgranada.com\/\">www.fipgranada.com<\/a>, en las redes sociales asociadas a Valpara\u00edso Editores y al Festival Internacional de Poes\u00eda, o en cualquier otro medio de naturaleza similar, sin reembolso de ning\u00fan tipo para el participante y sin necesidad de pagar ninguna tarifa.<\/p>\n<p style=\"text-align: justify;\">13\u00aa La participaci\u00f3n en este premio implica la total aceptaci\u00f3n de las presentes bases. Su interpretaci\u00f3n o cualquier aspecto no previsto corresponde s\u00f3lo al jurado.<\/p>\n<p>Granada, 31 de enero de 2013<\/p>\n","protected":false},"excerpt":{"rendered":"<p>CONVOCATORIA CERRADA EL PATRONATO DE LA ALHAMBRA Y EL GENERALIFE, EL FESTIVAL INTERNACIONAL DE POES\u00cdA DE GRANADA y LA EDITORIAL VALPARA\u00cdSO comparten el prop\u00f3sito de difusi\u00f3n de la poes\u00eda y la convicci\u00f3n de que el espa\u00f1ol es un gran elemento de cohesi\u00f3n de nuestros pueblos y naciones, a un lado y otro del oc\u00e9ano. Por &hellip; <\/p>\n<p class=\"link-more\"><a href=\"https:\/\/valparaisoediciones.es\/noticias\/2013\/01\/bases-ii-premio-alhambra-de-poesia-americana\/\" class=\"more-link\">Continuar leyendo<span class=\"screen-reader-text\"> \u00abII PREMIO ALHAMBRA DE POES\u00cdA AMERICANA &#8211; CONVOCATORIA CERRADA\u00bb<\/span><\/a><\/p>\n","protected":false},"author":3,"featured_media":0,"comment_status":"open","ping_status":"open","sticky":false,"template":"","format":"standard","meta":{"footnotes":""},"categories":[1,4],"tags":[7,33,34,32,19,6],"class_list":["post-310","post","type-post","status-publish","format-standard","hentry","category-noticias","category-premios","tag-alhambra","tag-americana","tag-ii","tag-literatura","tag-poesia","tag-premio"],"yoast_head":"<!-- This site is optimized with the Yoast SEO plugin v24.7 - https:\/\/yoast.com\/wordpress\/plugins\/seo\/ -->\n<title>II PREMIO ALHAMBRA DE POES\u00cdA AMERICANA - CONVOCATORIA CERRADA - Valparaiso Ediciones<\/title>\n<meta name=\"robots\" content=\"index, follow, max-snippet:-1, max-image-preview:large, max-video-preview:-1\" \/>\n<link rel=\"canonical\" href=\"https:\/\/valparaisoediciones.es\/noticias\/2013\/01\/bases-ii-premio-alhambra-de-poesia-americana\/\" \/>\n<meta property=\"og:locale\" content=\"es_ES\" \/>\n<meta property=\"og:type\" content=\"article\" \/>\n<meta property=\"og:title\" content=\"II PREMIO ALHAMBRA DE POES\u00cdA AMERICANA - CONVOCATORIA CERRADA - Valparaiso Ediciones\" \/>\n<meta property=\"og:description\" content=\"CONVOCATORIA CERRADA EL PATRONATO DE LA ALHAMBRA Y EL GENERALIFE, EL FESTIVAL INTERNACIONAL DE POES\u00cdA DE GRANADA y LA EDITORIAL VALPARA\u00cdSO comparten el prop\u00f3sito de difusi\u00f3n de la poes\u00eda y la convicci\u00f3n de que el espa\u00f1ol es un gran elemento de cohesi\u00f3n de nuestros pueblos y naciones, a un lado y otro del oc\u00e9ano. Por &hellip; Continuar leyendo &quot;II PREMIO ALHAMBRA DE POES\u00cdA AMERICANA &#8211; CONVOCATORIA CERRADA&quot;\" \/>\n<meta property=\"og:url\" content=\"https:\/\/valparaisoediciones.es\/noticias\/2013\/01\/bases-ii-premio-alhambra-de-poesia-americana\/\" \/>\n<meta property=\"og:site_name\" content=\"Valparaiso Ediciones\" \/>\n<meta property=\"article:publisher\" content=\"https:\/\/www.facebook.com\/valparaiso.ediciones\" \/>\n<meta property=\"article:published_time\" content=\"2013-01-31T10:00:51+00:00\" \/>\n<meta property=\"article:modified_time\" content=\"2013-03-02T21:09:38+00:00\" \/>\n<meta name=\"author\" content=\"Administrador\" \/>\n<meta name=\"twitter:card\" content=\"summary_large_image\" \/>\n<meta name=\"twitter:creator\" content=\"@ValparaisoEd\" \/>\n<meta name=\"twitter:site\" content=\"@ValparaisoEd\" \/>\n<meta name=\"twitter:label1\" content=\"Escrito por\" \/>\n\t<meta name=\"twitter:data1\" content=\"Administrador\" \/>\n\t<meta name=\"twitter:label2\" content=\"Tiempo de lectura\" \/>\n\t<meta name=\"twitter:data2\" content=\"4 minutos\" \/>\n<script type=\"application\/ld+json\" class=\"yoast-schema-graph\">{\"@context\":\"https:\/\/schema.org\",\"@graph\":[{\"@type\":\"Article\",\"@id\":\"https:\/\/valparaisoediciones.es\/noticias\/2013\/01\/bases-ii-premio-alhambra-de-poesia-americana\/#article\",\"isPartOf\":{\"@id\":\"https:\/\/valparaisoediciones.es\/noticias\/2013\/01\/bases-ii-premio-alhambra-de-poesia-americana\/\"},\"author\":{\"name\":\"Administrador\",\"@id\":\"https:\/\/valparaisoediciones.es\/noticias\/#\/schema\/person\/a23eb8fd06a3539c8ffe2230e32817f1\"},\"headline\":\"II PREMIO ALHAMBRA DE POES\u00cdA AMERICANA &#8211; CONVOCATORIA CERRADA\",\"datePublished\":\"2013-01-31T10:00:51+00:00\",\"dateModified\":\"2013-03-02T21:09:38+00:00\",\"mainEntityOfPage\":{\"@id\":\"https:\/\/valparaisoediciones.es\/noticias\/2013\/01\/bases-ii-premio-alhambra-de-poesia-americana\/\"},\"wordCount\":786,\"commentCount\":0,\"publisher\":{\"@id\":\"https:\/\/valparaisoediciones.es\/noticias\/#organization\"},\"keywords\":[\"Alhambra\",\"Americana\",\"II\",\"Literatura\",\"poes\u00eda\",\"Premio\"],\"articleSection\":[\"Noticias\",\"Premios\"],\"inLanguage\":\"es\",\"potentialAction\":[{\"@type\":\"CommentAction\",\"name\":\"Comment\",\"target\":[\"https:\/\/valparaisoediciones.es\/noticias\/2013\/01\/bases-ii-premio-alhambra-de-poesia-americana\/#respond\"]}]},{\"@type\":\"WebPage\",\"@id\":\"https:\/\/valparaisoediciones.es\/noticias\/2013\/01\/bases-ii-premio-alhambra-de-poesia-americana\/\",\"url\":\"https:\/\/valparaisoediciones.es\/noticias\/2013\/01\/bases-ii-premio-alhambra-de-poesia-americana\/\",\"name\":\"II PREMIO ALHAMBRA DE POES\u00cdA AMERICANA - CONVOCATORIA CERRADA - Valparaiso Ediciones\",\"isPartOf\":{\"@id\":\"https:\/\/valparaisoediciones.es\/noticias\/#website\"},\"datePublished\":\"2013-01-31T10:00:51+00:00\",\"dateModified\":\"2013-03-02T21:09:38+00:00\",\"breadcrumb\":{\"@id\":\"https:\/\/valparaisoediciones.es\/noticias\/2013\/01\/bases-ii-premio-alhambra-de-poesia-americana\/#breadcrumb\"},\"inLanguage\":\"es\",\"potentialAction\":[{\"@type\":\"ReadAction\",\"target\":[\"https:\/\/valparaisoediciones.es\/noticias\/2013\/01\/bases-ii-premio-alhambra-de-poesia-americana\/\"]}]},{\"@type\":\"BreadcrumbList\",\"@id\":\"https:\/\/valparaisoediciones.es\/noticias\/2013\/01\/bases-ii-premio-alhambra-de-poesia-americana\/#breadcrumb\",\"itemListElement\":[{\"@type\":\"ListItem\",\"position\":1,\"name\":\"Portada\",\"item\":\"https:\/\/valparaisoediciones.es\/noticias\/\"},{\"@type\":\"ListItem\",\"position\":2,\"name\":\"II PREMIO ALHAMBRA DE POES\u00cdA AMERICANA &#8211; CONVOCATORIA CERRADA\"}]},{\"@type\":\"WebSite\",\"@id\":\"https:\/\/valparaisoediciones.es\/noticias\/#website\",\"url\":\"https:\/\/valparaisoediciones.es\/noticias\/\",\"name\":\"Valparaiso Ediciones\",\"description\":\"Noticias\",\"publisher\":{\"@id\":\"https:\/\/valparaisoediciones.es\/noticias\/#organization\"},\"potentialAction\":[{\"@type\":\"SearchAction\",\"target\":{\"@type\":\"EntryPoint\",\"urlTemplate\":\"https:\/\/valparaisoediciones.es\/noticias\/?s={search_term_string}\"},\"query-input\":{\"@type\":\"PropertyValueSpecification\",\"valueRequired\":true,\"valueName\":\"search_term_string\"}}],\"inLanguage\":\"es\"},{\"@type\":\"Organization\",\"@id\":\"https:\/\/valparaisoediciones.es\/noticias\/#organization\",\"name\":\"Valpara\u00edso Ediciones\",\"url\":\"https:\/\/valparaisoediciones.es\/noticias\/\",\"logo\":{\"@type\":\"ImageObject\",\"inLanguage\":\"es\",\"@id\":\"https:\/\/valparaisoediciones.es\/noticias\/#\/schema\/logo\/image\/\",\"url\":\"http:\/\/valparaisoediciones.es\/noticias\/wp-content\/uploads\/2012\/12\/logo.png\",\"contentUrl\":\"http:\/\/valparaisoediciones.es\/noticias\/wp-content\/uploads\/2012\/12\/logo.png\",\"width\":320,\"height\":121,\"caption\":\"Valpara\u00edso Ediciones\"},\"image\":{\"@id\":\"https:\/\/valparaisoediciones.es\/noticias\/#\/schema\/logo\/image\/\"},\"sameAs\":[\"https:\/\/www.facebook.com\/valparaiso.ediciones\",\"https:\/\/x.com\/ValparaisoEd\"]},{\"@type\":\"Person\",\"@id\":\"https:\/\/valparaisoediciones.es\/noticias\/#\/schema\/person\/a23eb8fd06a3539c8ffe2230e32817f1\",\"name\":\"Administrador\",\"image\":{\"@type\":\"ImageObject\",\"inLanguage\":\"es\",\"@id\":\"https:\/\/valparaisoediciones.es\/noticias\/#\/schema\/person\/image\/\",\"url\":\"https:\/\/secure.gravatar.com\/avatar\/7bca4ba132c9cf6584007b282c38c7c3c01797d94c033ae2f6efa9a85b829dcd?s=96&d=blank&r=g\",\"contentUrl\":\"https:\/\/secure.gravatar.com\/avatar\/7bca4ba132c9cf6584007b282c38c7c3c01797d94c033ae2f6efa9a85b829dcd?s=96&d=blank&r=g\",\"caption\":\"Administrador\"},\"sameAs\":[\"http:\/\/valparaisoediciones.es\"],\"url\":\"https:\/\/valparaisoediciones.es\/noticias\/author\/administrador\/\"}]}<\/script>\n<!-- \/ Yoast SEO plugin. -->","yoast_head_json":{"title":"II PREMIO ALHAMBRA DE POES\u00cdA AMERICANA - CONVOCATORIA CERRADA - Valparaiso Ediciones","robots":{"index":"index","follow":"follow","max-snippet":"max-snippet:-1","max-image-preview":"max-image-preview:large","max-video-preview":"max-video-preview:-1"},"canonical":"https:\/\/valparaisoediciones.es\/noticias\/2013\/01\/bases-ii-premio-alhambra-de-poesia-americana\/","og_locale":"es_ES","og_type":"article","og_title":"II PREMIO ALHAMBRA DE POES\u00cdA AMERICANA - CONVOCATORIA CERRADA - Valparaiso Ediciones","og_description":"CONVOCATORIA CERRADA EL PATRONATO DE LA ALHAMBRA Y EL GENERALIFE, EL FESTIVAL INTERNACIONAL DE POES\u00cdA DE GRANADA y LA EDITORIAL VALPARA\u00cdSO comparten el prop\u00f3sito de difusi\u00f3n de la poes\u00eda y la convicci\u00f3n de que el espa\u00f1ol es un gran elemento de cohesi\u00f3n de nuestros pueblos y naciones, a un lado y otro del oc\u00e9ano. Por &hellip; Continuar leyendo \"II PREMIO ALHAMBRA DE POES\u00cdA AMERICANA &#8211; CONVOCATORIA CERRADA\"","og_url":"https:\/\/valparaisoediciones.es\/noticias\/2013\/01\/bases-ii-premio-alhambra-de-poesia-americana\/","og_site_name":"Valparaiso Ediciones","article_publisher":"https:\/\/www.facebook.com\/valparaiso.ediciones","article_published_time":"2013-01-31T10:00:51+00:00","article_modified_time":"2013-03-02T21:09:38+00:00","author":"Administrador","twitter_card":"summary_large_image","twitter_creator":"@ValparaisoEd","twitter_site":"@ValparaisoEd","twitter_misc":{"Escrito por":"Administrador","Tiempo de lectura":"4 minutos"},"schema":{"@context":"https:\/\/schema.org","@graph":[{"@type":"Article","@id":"https:\/\/valparaisoediciones.es\/noticias\/2013\/01\/bases-ii-premio-alhambra-de-poesia-americana\/#article","isPartOf":{"@id":"https:\/\/valparaisoediciones.es\/noticias\/2013\/01\/bases-ii-premio-alhambra-de-poesia-americana\/"},"author":{"name":"Administrador","@id":"https:\/\/valparaisoediciones.es\/noticias\/#\/schema\/person\/a23eb8fd06a3539c8ffe2230e32817f1"},"headline":"II PREMIO ALHAMBRA DE POES\u00cdA AMERICANA &#8211; CONVOCATORIA CERRADA","datePublished":"2013-01-31T10:00:51+00:00","dateModified":"2013-03-02T21:09:38+00:00","mainEntityOfPage":{"@id":"https:\/\/valparaisoediciones.es\/noticias\/2013\/01\/bases-ii-premio-alhambra-de-poesia-americana\/"},"wordCount":786,"commentCount":0,"publisher":{"@id":"https:\/\/valparaisoediciones.es\/noticias\/#organization"},"keywords":["Alhambra","Americana","II","Literatura","poes\u00eda","Premio"],"articleSection":["Noticias","Premios"],"inLanguage":"es","potentialAction":[{"@type":"CommentAction","name":"Comment","target":["https:\/\/valparaisoediciones.es\/noticias\/2013\/01\/bases-ii-premio-alhambra-de-poesia-americana\/#respond"]}]},{"@type":"WebPage","@id":"https:\/\/valparaisoediciones.es\/noticias\/2013\/01\/bases-ii-premio-alhambra-de-poesia-americana\/","url":"https:\/\/valparaisoediciones.es\/noticias\/2013\/01\/bases-ii-premio-alhambra-de-poesia-americana\/","name":"II PREMIO ALHAMBRA DE POES\u00cdA AMERICANA - CONVOCATORIA CERRADA - Valparaiso Ediciones","isPartOf":{"@id":"https:\/\/valparaisoediciones.es\/noticias\/#website"},"datePublished":"2013-01-31T10:00:51+00:00","dateModified":"2013-03-02T21:09:38+00:00","breadcrumb":{"@id":"https:\/\/valparaisoediciones.es\/noticias\/2013\/01\/bases-ii-premio-alhambra-de-poesia-americana\/#breadcrumb"},"inLanguage":"es","potentialAction":[{"@type":"ReadAction","target":["https:\/\/valparaisoediciones.es\/noticias\/2013\/01\/bases-ii-premio-alhambra-de-poesia-americana\/"]}]},{"@type":"BreadcrumbList","@id":"https:\/\/valparaisoediciones.es\/noticias\/2013\/01\/bases-ii-premio-alhambra-de-poesia-americana\/#breadcrumb","itemListElement":[{"@type":"ListItem","position":1,"name":"Portada","item":"https:\/\/valparaisoediciones.es\/noticias\/"},{"@type":"ListItem","position":2,"name":"II PREMIO ALHAMBRA DE POES\u00cdA AMERICANA &#8211; CONVOCATORIA CERRADA"}]},{"@type":"WebSite","@id":"https:\/\/valparaisoediciones.es\/noticias\/#website","url":"https:\/\/valparaisoediciones.es\/noticias\/","name":"Valparaiso Ediciones","description":"Noticias","publisher":{"@id":"https:\/\/valparaisoediciones.es\/noticias\/#organization"},"potentialAction":[{"@type":"SearchAction","target":{"@type":"EntryPoint","urlTemplate":"https:\/\/valparaisoediciones.es\/noticias\/?s={search_term_string}"},"query-input":{"@type":"PropertyValueSpecification","valueRequired":true,"valueName":"search_term_string"}}],"inLanguage":"es"},{"@type":"Organization","@id":"https:\/\/valparaisoediciones.es\/noticias\/#organization","name":"Valpara\u00edso Ediciones","url":"https:\/\/valparaisoediciones.es\/noticias\/","logo":{"@type":"ImageObject","inLanguage":"es","@id":"https:\/\/valparaisoediciones.es\/noticias\/#\/schema\/logo\/image\/","url":"http:\/\/valparaisoediciones.es\/noticias\/wp-content\/uploads\/2012\/12\/logo.png","contentUrl":"http:\/\/valparaisoediciones.es\/noticias\/wp-content\/uploads\/2012\/12\/logo.png","width":320,"height":121,"caption":"Valpara\u00edso Ediciones"},"image":{"@id":"https:\/\/valparaisoediciones.es\/noticias\/#\/schema\/logo\/image\/"},"sameAs":["https:\/\/www.facebook.com\/valparaiso.ediciones","https:\/\/x.com\/ValparaisoEd"]},{"@type":"Person","@id":"https:\/\/valparaisoediciones.es\/noticias\/#\/schema\/person\/a23eb8fd06a3539c8ffe2230e32817f1","name":"Administrador","image":{"@type":"ImageObject","inLanguage":"es","@id":"https:\/\/valparaisoediciones.es\/noticias\/#\/schema\/person\/image\/","url":"https:\/\/secure.gravatar.com\/avatar\/7bca4ba132c9cf6584007b282c38c7c3c01797d94c033ae2f6efa9a85b829dcd?s=96&d=blank&r=g","contentUrl":"https:\/\/secure.gravatar.com\/avatar\/7bca4ba132c9cf6584007b282c38c7c3c01797d94c033ae2f6efa9a85b829dcd?s=96&d=blank&r=g","caption":"Administrador"},"sameAs":["http:\/\/valparaisoediciones.es"],"url":"https:\/\/valparaisoediciones.es\/noticias\/author\/administrador\/"}]}},"_links":{"self":[{"href":"https:\/\/valparaisoediciones.es\/noticias\/wp-json\/wp\/v2\/posts\/310","targetHints":{"allow":["GET"]}}],"collection":[{"href":"https:\/\/valparaisoediciones.es\/noticias\/wp-json\/wp\/v2\/posts"}],"about":[{"href":"https:\/\/valparaisoediciones.es\/noticias\/wp-json\/wp\/v2\/types\/post"}],"author":[{"embeddable":true,"href":"https:\/\/valparaisoediciones.es\/noticias\/wp-json\/wp\/v2\/users\/3"}],"replies":[{"embeddable":true,"href":"https:\/\/valparaisoediciones.es\/noticias\/wp-json\/wp\/v2\/comments?post=310"}],"version-history":[{"count":7,"href":"https:\/\/valparaisoediciones.es\/noticias\/wp-json\/wp\/v2\/posts\/310\/revisions"}],"predecessor-version":[{"id":322,"href":"https:\/\/valparaisoediciones.es\/noticias\/wp-json\/wp\/v2\/posts\/310\/revisions\/322"}],"wp:attachment":[{"href":"https:\/\/valparaisoediciones.es\/noticias\/wp-json\/wp\/v2\/media?parent=310"}],"wp:term":[{"taxonomy":"category","embeddable":true,"href":"https:\/\/valparaisoediciones.es\/noticias\/wp-json\/wp\/v2\/categories?post=310"},{"taxonomy":"post_tag","embeddable":true,"href":"https:\/\/valparaisoediciones.es\/noticias\/wp-json\/wp\/v2\/tags?post=310"}],"curies":[{"name":"wp","href":"https:\/\/api.w.org\/{rel}","templated":true}]}}