{"id":330,"date":"2013-03-11T19:47:57","date_gmt":"2013-03-11T19:47:57","guid":{"rendered":"http:\/\/valparaisoediciones.es\/noticias\/?p=330"},"modified":"2013-03-11T19:47:57","modified_gmt":"2013-03-11T19:47:57","slug":"fallo-del-ii-premio-alhambra-de-poesia-americana","status":"publish","type":"post","link":"https:\/\/valparaisoediciones.es\/noticias\/2013\/03\/fallo-del-ii-premio-alhambra-de-poesia-americana\/","title":{"rendered":"Fallo del II Premio Alhambra de Poes\u00eda Americana"},"content":{"rendered":"<p>Reunidos en Granada<\/p>\n<p>D. Luis Garc\u00eda Montero<\/p>\n<p>D. Juan Jos\u00e9 T\u00e9llez Rubio<\/p>\n<p>D. Fernando Valverde Rodr\u00edguez<\/p>\n<p>D. Daniel Rodr\u00edguez Moya<\/p>\n<p>D. Javier Bozalongo Anto\u00f1anzas<\/p>\n<p>decidieron por mayor\u00eda conceder el II Premio Alhambra de Poes\u00eda Americana en la modalidad de Obra in\u00e9dita al libro <em>Piedra al pecho<\/em>, del que es autor, seg\u00fan la plica, el poeta argentino Carlos Aldaz\u00e1bal.<\/p>\n<p>y en Obra publicada se elige como ganador el libro <em>Bit\u00e1cora de nadie<\/em>, del que es autor el poeta mexicano \u00c1lvaro Sol\u00eds.<\/p>\n<p>De <em>Piedra al pecho<\/em> el jurado ha destacado su propuesta como una renovaci\u00f3n \u00a0de la poes\u00eda argentina, aprovechando la cultura urbana del tango en di\u00e1logo con otras tradiciones po\u00e9ticas latinoamericanas como la representada por C\u00e9sar Vallejo.<\/p>\n<p><em>Bit\u00e1cora de nadie<\/em> se ha alzado con el galard\u00f3n porque su tono eleg\u00edaco no solo nos alerta sobre el final de la vida sino el de las emociones, y nos pone a las puertas de un lenguaje novedoso pero que parte de la tradici\u00f3n de la vanguardia.<\/p>\n<p>El jurado ha recomendado la publicaci\u00f3n del libro <em>Central Am\u00e9rica<\/em>, del guatemalteco Julio Serrano Echevarr\u00eda, por su discurso sobre la realidad del continente, en donde prima m\u00e1s la visi\u00f3n l\u00edrica que la epica.<\/p>\n<p>Granada, 11 de marzo de 2013<\/p>\n","protected":false},"excerpt":{"rendered":"<p>Reunidos en Granada D. Luis Garc\u00eda Montero D. Juan Jos\u00e9 T\u00e9llez Rubio D. Fernando Valverde Rodr\u00edguez D. Daniel Rodr\u00edguez Moya D. Javier Bozalongo Anto\u00f1anzas decidieron por mayor\u00eda conceder el II Premio Alhambra de Poes\u00eda Americana en la modalidad de Obra in\u00e9dita al libro Piedra al pecho, del que es autor, seg\u00fan la plica, el poeta &hellip; <\/p>\n<p class=\"link-more\"><a href=\"https:\/\/valparaisoediciones.es\/noticias\/2013\/03\/fallo-del-ii-premio-alhambra-de-poesia-americana\/\" class=\"more-link\">Continuar leyendo<span class=\"screen-reader-text\"> \u00abFallo del II Premio Alhambra de Poes\u00eda Americana\u00bb<\/span><\/a><\/p>\n","protected":false},"author":3,"featured_media":0,"comment_status":"open","ping_status":"open","sticky":false,"template":"","format":"standard","meta":{"footnotes":""},"categories":[1,4],"tags":[33,43,44,19],"class_list":["post-330","post","type-post","status-publish","format-standard","hentry","category-noticias","category-premios","tag-americana","tag-fallo","tag-ii-premio-alhambra","tag-poesia"],"yoast_head":"<!-- This site is optimized with the Yoast SEO plugin v24.7 - https:\/\/yoast.com\/wordpress\/plugins\/seo\/ -->\n<title>Fallo del II Premio Alhambra de Poes\u00eda Americana - Valparaiso Ediciones<\/title>\n<meta name=\"robots\" content=\"index, follow, max-snippet:-1, max-image-preview:large, max-video-preview:-1\" \/>\n<link rel=\"canonical\" href=\"https:\/\/valparaisoediciones.es\/noticias\/2013\/03\/fallo-del-ii-premio-alhambra-de-poesia-americana\/\" \/>\n<meta property=\"og:locale\" content=\"es_ES\" \/>\n<meta property=\"og:type\" content=\"article\" \/>\n<meta property=\"og:title\" content=\"Fallo del II Premio Alhambra de Poes\u00eda Americana - Valparaiso Ediciones\" \/>\n<meta property=\"og:description\" content=\"Reunidos en Granada D. Luis Garc\u00eda Montero D. Juan Jos\u00e9 T\u00e9llez Rubio D. Fernando Valverde Rodr\u00edguez D. Daniel Rodr\u00edguez Moya D. Javier Bozalongo Anto\u00f1anzas decidieron por mayor\u00eda conceder el II Premio Alhambra de Poes\u00eda Americana en la modalidad de Obra in\u00e9dita al libro Piedra al pecho, del que es autor, seg\u00fan la plica, el poeta &hellip; Continuar leyendo &quot;Fallo del II Premio Alhambra de Poes\u00eda Americana&quot;\" \/>\n<meta property=\"og:url\" content=\"https:\/\/valparaisoediciones.es\/noticias\/2013\/03\/fallo-del-ii-premio-alhambra-de-poesia-americana\/\" \/>\n<meta property=\"og:site_name\" content=\"Valparaiso Ediciones\" \/>\n<meta property=\"article:publisher\" content=\"https:\/\/www.facebook.com\/valparaiso.ediciones\" \/>\n<meta property=\"article:published_time\" content=\"2013-03-11T19:47:57+00:00\" \/>\n<meta name=\"author\" content=\"Administrador\" \/>\n<meta name=\"twitter:card\" content=\"summary_large_image\" \/>\n<meta name=\"twitter:creator\" content=\"@ValparaisoEd\" \/>\n<meta name=\"twitter:site\" content=\"@ValparaisoEd\" \/>\n<meta name=\"twitter:label1\" content=\"Escrito por\" \/>\n\t<meta name=\"twitter:data1\" content=\"Administrador\" \/>\n\t<meta name=\"twitter:label2\" content=\"Tiempo de lectura\" \/>\n\t<meta name=\"twitter:data2\" content=\"1 minuto\" \/>\n<script type=\"application\/ld+json\" class=\"yoast-schema-graph\">{\"@context\":\"https:\/\/schema.org\",\"@graph\":[{\"@type\":\"Article\",\"@id\":\"https:\/\/valparaisoediciones.es\/noticias\/2013\/03\/fallo-del-ii-premio-alhambra-de-poesia-americana\/#article\",\"isPartOf\":{\"@id\":\"https:\/\/valparaisoediciones.es\/noticias\/2013\/03\/fallo-del-ii-premio-alhambra-de-poesia-americana\/\"},\"author\":{\"name\":\"Administrador\",\"@id\":\"https:\/\/valparaisoediciones.es\/noticias\/#\/schema\/person\/a23eb8fd06a3539c8ffe2230e32817f1\"},\"headline\":\"Fallo del II Premio Alhambra de Poes\u00eda Americana\",\"datePublished\":\"2013-03-11T19:47:57+00:00\",\"mainEntityOfPage\":{\"@id\":\"https:\/\/valparaisoediciones.es\/noticias\/2013\/03\/fallo-del-ii-premio-alhambra-de-poesia-americana\/\"},\"wordCount\":236,\"commentCount\":0,\"publisher\":{\"@id\":\"https:\/\/valparaisoediciones.es\/noticias\/#organization\"},\"keywords\":[\"Americana\",\"fallo\",\"II Premio Alhambra\",\"poes\u00eda\"],\"articleSection\":[\"Noticias\",\"Premios\"],\"inLanguage\":\"es\",\"potentialAction\":[{\"@type\":\"CommentAction\",\"name\":\"Comment\",\"target\":[\"https:\/\/valparaisoediciones.es\/noticias\/2013\/03\/fallo-del-ii-premio-alhambra-de-poesia-americana\/#respond\"]}]},{\"@type\":\"WebPage\",\"@id\":\"https:\/\/valparaisoediciones.es\/noticias\/2013\/03\/fallo-del-ii-premio-alhambra-de-poesia-americana\/\",\"url\":\"https:\/\/valparaisoediciones.es\/noticias\/2013\/03\/fallo-del-ii-premio-alhambra-de-poesia-americana\/\",\"name\":\"Fallo del II Premio Alhambra de Poes\u00eda Americana - Valparaiso Ediciones\",\"isPartOf\":{\"@id\":\"https:\/\/valparaisoediciones.es\/noticias\/#website\"},\"datePublished\":\"2013-03-11T19:47:57+00:00\",\"breadcrumb\":{\"@id\":\"https:\/\/valparaisoediciones.es\/noticias\/2013\/03\/fallo-del-ii-premio-alhambra-de-poesia-americana\/#breadcrumb\"},\"inLanguage\":\"es\",\"potentialAction\":[{\"@type\":\"ReadAction\",\"target\":[\"https:\/\/valparaisoediciones.es\/noticias\/2013\/03\/fallo-del-ii-premio-alhambra-de-poesia-americana\/\"]}]},{\"@type\":\"BreadcrumbList\",\"@id\":\"https:\/\/valparaisoediciones.es\/noticias\/2013\/03\/fallo-del-ii-premio-alhambra-de-poesia-americana\/#breadcrumb\",\"itemListElement\":[{\"@type\":\"ListItem\",\"position\":1,\"name\":\"Portada\",\"item\":\"https:\/\/valparaisoediciones.es\/noticias\/\"},{\"@type\":\"ListItem\",\"position\":2,\"name\":\"Fallo del II Premio Alhambra de Poes\u00eda Americana\"}]},{\"@type\":\"WebSite\",\"@id\":\"https:\/\/valparaisoediciones.es\/noticias\/#website\",\"url\":\"https:\/\/valparaisoediciones.es\/noticias\/\",\"name\":\"Valparaiso Ediciones\",\"description\":\"Noticias\",\"publisher\":{\"@id\":\"https:\/\/valparaisoediciones.es\/noticias\/#organization\"},\"potentialAction\":[{\"@type\":\"SearchAction\",\"target\":{\"@type\":\"EntryPoint\",\"urlTemplate\":\"https:\/\/valparaisoediciones.es\/noticias\/?s={search_term_string}\"},\"query-input\":{\"@type\":\"PropertyValueSpecification\",\"valueRequired\":true,\"valueName\":\"search_term_string\"}}],\"inLanguage\":\"es\"},{\"@type\":\"Organization\",\"@id\":\"https:\/\/valparaisoediciones.es\/noticias\/#organization\",\"name\":\"Valpara\u00edso Ediciones\",\"url\":\"https:\/\/valparaisoediciones.es\/noticias\/\",\"logo\":{\"@type\":\"ImageObject\",\"inLanguage\":\"es\",\"@id\":\"https:\/\/valparaisoediciones.es\/noticias\/#\/schema\/logo\/image\/\",\"url\":\"http:\/\/valparaisoediciones.es\/noticias\/wp-content\/uploads\/2012\/12\/logo.png\",\"contentUrl\":\"http:\/\/valparaisoediciones.es\/noticias\/wp-content\/uploads\/2012\/12\/logo.png\",\"width\":320,\"height\":121,\"caption\":\"Valpara\u00edso Ediciones\"},\"image\":{\"@id\":\"https:\/\/valparaisoediciones.es\/noticias\/#\/schema\/logo\/image\/\"},\"sameAs\":[\"https:\/\/www.facebook.com\/valparaiso.ediciones\",\"https:\/\/x.com\/ValparaisoEd\"]},{\"@type\":\"Person\",\"@id\":\"https:\/\/valparaisoediciones.es\/noticias\/#\/schema\/person\/a23eb8fd06a3539c8ffe2230e32817f1\",\"name\":\"Administrador\",\"image\":{\"@type\":\"ImageObject\",\"inLanguage\":\"es\",\"@id\":\"https:\/\/valparaisoediciones.es\/noticias\/#\/schema\/person\/image\/\",\"url\":\"https:\/\/secure.gravatar.com\/avatar\/7bca4ba132c9cf6584007b282c38c7c3c01797d94c033ae2f6efa9a85b829dcd?s=96&d=blank&r=g\",\"contentUrl\":\"https:\/\/secure.gravatar.com\/avatar\/7bca4ba132c9cf6584007b282c38c7c3c01797d94c033ae2f6efa9a85b829dcd?s=96&d=blank&r=g\",\"caption\":\"Administrador\"},\"sameAs\":[\"http:\/\/valparaisoediciones.es\"],\"url\":\"https:\/\/valparaisoediciones.es\/noticias\/author\/administrador\/\"}]}<\/script>\n<!-- \/ Yoast SEO plugin. -->","yoast_head_json":{"title":"Fallo del II Premio Alhambra de Poes\u00eda Americana - Valparaiso Ediciones","robots":{"index":"index","follow":"follow","max-snippet":"max-snippet:-1","max-image-preview":"max-image-preview:large","max-video-preview":"max-video-preview:-1"},"canonical":"https:\/\/valparaisoediciones.es\/noticias\/2013\/03\/fallo-del-ii-premio-alhambra-de-poesia-americana\/","og_locale":"es_ES","og_type":"article","og_title":"Fallo del II Premio Alhambra de Poes\u00eda Americana - Valparaiso Ediciones","og_description":"Reunidos en Granada D. Luis Garc\u00eda Montero D. Juan Jos\u00e9 T\u00e9llez Rubio D. Fernando Valverde Rodr\u00edguez D. Daniel Rodr\u00edguez Moya D. Javier Bozalongo Anto\u00f1anzas decidieron por mayor\u00eda conceder el II Premio Alhambra de Poes\u00eda Americana en la modalidad de Obra in\u00e9dita al libro Piedra al pecho, del que es autor, seg\u00fan la plica, el poeta &hellip; Continuar leyendo \"Fallo del II Premio Alhambra de Poes\u00eda Americana\"","og_url":"https:\/\/valparaisoediciones.es\/noticias\/2013\/03\/fallo-del-ii-premio-alhambra-de-poesia-americana\/","og_site_name":"Valparaiso Ediciones","article_publisher":"https:\/\/www.facebook.com\/valparaiso.ediciones","article_published_time":"2013-03-11T19:47:57+00:00","author":"Administrador","twitter_card":"summary_large_image","twitter_creator":"@ValparaisoEd","twitter_site":"@ValparaisoEd","twitter_misc":{"Escrito por":"Administrador","Tiempo de lectura":"1 minuto"},"schema":{"@context":"https:\/\/schema.org","@graph":[{"@type":"Article","@id":"https:\/\/valparaisoediciones.es\/noticias\/2013\/03\/fallo-del-ii-premio-alhambra-de-poesia-americana\/#article","isPartOf":{"@id":"https:\/\/valparaisoediciones.es\/noticias\/2013\/03\/fallo-del-ii-premio-alhambra-de-poesia-americana\/"},"author":{"name":"Administrador","@id":"https:\/\/valparaisoediciones.es\/noticias\/#\/schema\/person\/a23eb8fd06a3539c8ffe2230e32817f1"},"headline":"Fallo del II Premio Alhambra de Poes\u00eda Americana","datePublished":"2013-03-11T19:47:57+00:00","mainEntityOfPage":{"@id":"https:\/\/valparaisoediciones.es\/noticias\/2013\/03\/fallo-del-ii-premio-alhambra-de-poesia-americana\/"},"wordCount":236,"commentCount":0,"publisher":{"@id":"https:\/\/valparaisoediciones.es\/noticias\/#organization"},"keywords":["Americana","fallo","II Premio Alhambra","poes\u00eda"],"articleSection":["Noticias","Premios"],"inLanguage":"es","potentialAction":[{"@type":"CommentAction","name":"Comment","target":["https:\/\/valparaisoediciones.es\/noticias\/2013\/03\/fallo-del-ii-premio-alhambra-de-poesia-americana\/#respond"]}]},{"@type":"WebPage","@id":"https:\/\/valparaisoediciones.es\/noticias\/2013\/03\/fallo-del-ii-premio-alhambra-de-poesia-americana\/","url":"https:\/\/valparaisoediciones.es\/noticias\/2013\/03\/fallo-del-ii-premio-alhambra-de-poesia-americana\/","name":"Fallo del II Premio Alhambra de Poes\u00eda Americana - Valparaiso Ediciones","isPartOf":{"@id":"https:\/\/valparaisoediciones.es\/noticias\/#website"},"datePublished":"2013-03-11T19:47:57+00:00","breadcrumb":{"@id":"https:\/\/valparaisoediciones.es\/noticias\/2013\/03\/fallo-del-ii-premio-alhambra-de-poesia-americana\/#breadcrumb"},"inLanguage":"es","potentialAction":[{"@type":"ReadAction","target":["https:\/\/valparaisoediciones.es\/noticias\/2013\/03\/fallo-del-ii-premio-alhambra-de-poesia-americana\/"]}]},{"@type":"BreadcrumbList","@id":"https:\/\/valparaisoediciones.es\/noticias\/2013\/03\/fallo-del-ii-premio-alhambra-de-poesia-americana\/#breadcrumb","itemListElement":[{"@type":"ListItem","position":1,"name":"Portada","item":"https:\/\/valparaisoediciones.es\/noticias\/"},{"@type":"ListItem","position":2,"name":"Fallo del II Premio Alhambra de Poes\u00eda Americana"}]},{"@type":"WebSite","@id":"https:\/\/valparaisoediciones.es\/noticias\/#website","url":"https:\/\/valparaisoediciones.es\/noticias\/","name":"Valparaiso Ediciones","description":"Noticias","publisher":{"@id":"https:\/\/valparaisoediciones.es\/noticias\/#organization"},"potentialAction":[{"@type":"SearchAction","target":{"@type":"EntryPoint","urlTemplate":"https:\/\/valparaisoediciones.es\/noticias\/?s={search_term_string}"},"query-input":{"@type":"PropertyValueSpecification","valueRequired":true,"valueName":"search_term_string"}}],"inLanguage":"es"},{"@type":"Organization","@id":"https:\/\/valparaisoediciones.es\/noticias\/#organization","name":"Valpara\u00edso Ediciones","url":"https:\/\/valparaisoediciones.es\/noticias\/","logo":{"@type":"ImageObject","inLanguage":"es","@id":"https:\/\/valparaisoediciones.es\/noticias\/#\/schema\/logo\/image\/","url":"http:\/\/valparaisoediciones.es\/noticias\/wp-content\/uploads\/2012\/12\/logo.png","contentUrl":"http:\/\/valparaisoediciones.es\/noticias\/wp-content\/uploads\/2012\/12\/logo.png","width":320,"height":121,"caption":"Valpara\u00edso Ediciones"},"image":{"@id":"https:\/\/valparaisoediciones.es\/noticias\/#\/schema\/logo\/image\/"},"sameAs":["https:\/\/www.facebook.com\/valparaiso.ediciones","https:\/\/x.com\/ValparaisoEd"]},{"@type":"Person","@id":"https:\/\/valparaisoediciones.es\/noticias\/#\/schema\/person\/a23eb8fd06a3539c8ffe2230e32817f1","name":"Administrador","image":{"@type":"ImageObject","inLanguage":"es","@id":"https:\/\/valparaisoediciones.es\/noticias\/#\/schema\/person\/image\/","url":"https:\/\/secure.gravatar.com\/avatar\/7bca4ba132c9cf6584007b282c38c7c3c01797d94c033ae2f6efa9a85b829dcd?s=96&d=blank&r=g","contentUrl":"https:\/\/secure.gravatar.com\/avatar\/7bca4ba132c9cf6584007b282c38c7c3c01797d94c033ae2f6efa9a85b829dcd?s=96&d=blank&r=g","caption":"Administrador"},"sameAs":["http:\/\/valparaisoediciones.es"],"url":"https:\/\/valparaisoediciones.es\/noticias\/author\/administrador\/"}]}},"_links":{"self":[{"href":"https:\/\/valparaisoediciones.es\/noticias\/wp-json\/wp\/v2\/posts\/330","targetHints":{"allow":["GET"]}}],"collection":[{"href":"https:\/\/valparaisoediciones.es\/noticias\/wp-json\/wp\/v2\/posts"}],"about":[{"href":"https:\/\/valparaisoediciones.es\/noticias\/wp-json\/wp\/v2\/types\/post"}],"author":[{"embeddable":true,"href":"https:\/\/valparaisoediciones.es\/noticias\/wp-json\/wp\/v2\/users\/3"}],"replies":[{"embeddable":true,"href":"https:\/\/valparaisoediciones.es\/noticias\/wp-json\/wp\/v2\/comments?post=330"}],"version-history":[{"count":3,"href":"https:\/\/valparaisoediciones.es\/noticias\/wp-json\/wp\/v2\/posts\/330\/revisions"}],"predecessor-version":[{"id":333,"href":"https:\/\/valparaisoediciones.es\/noticias\/wp-json\/wp\/v2\/posts\/330\/revisions\/333"}],"wp:attachment":[{"href":"https:\/\/valparaisoediciones.es\/noticias\/wp-json\/wp\/v2\/media?parent=330"}],"wp:term":[{"taxonomy":"category","embeddable":true,"href":"https:\/\/valparaisoediciones.es\/noticias\/wp-json\/wp\/v2\/categories?post=330"},{"taxonomy":"post_tag","embeddable":true,"href":"https:\/\/valparaisoediciones.es\/noticias\/wp-json\/wp\/v2\/tags?post=330"}],"curies":[{"name":"wp","href":"https:\/\/api.w.org\/{rel}","templated":true}]}}