{"id":407,"date":"2013-10-12T12:44:37","date_gmt":"2013-10-12T12:44:37","guid":{"rendered":"http:\/\/valparaisoediciones.es\/noticias\/?p=407"},"modified":"2013-10-12T12:44:37","modified_gmt":"2013-10-12T12:44:37","slug":"eduardo-lizalde-y-su-fecundo-rayo-por-mijail-lamas","status":"publish","type":"post","link":"https:\/\/valparaisoediciones.es\/noticias\/2013\/10\/eduardo-lizalde-y-su-fecundo-rayo-por-mijail-lamas\/","title":{"rendered":"Eduardo Lizalde y su fecundo rayo, por Mijail Lamas"},"content":{"rendered":"<div>\n<h2>Eduardo lizalde y su fecundo rayo<\/h2>\n<p><span class=\"Apple-style-span\" style=\"line-height: 14px;\">MIJAIL LAMAS\u00a0<\/span><\/p>\n<\/div>\n<div>\n<div>\n<div>\n<div tabindex=\"1000\"><\/div>\n<\/div>\n<\/div>\n<div id=\"newsBody\">Alejado ya de la militancia comunista y cuatro a\u00f1os despu\u00e9s de publicar su extenso poema\u00a0<i>Cada cosa es babel\u00a0<\/i>(1966), que reflexiona sobre el lenguaje y la funci\u00f3n enunciativa de la poes\u00eda, el poeta mexicano Eduardo Lizalde publica un libro fundamental para la poes\u00eda en lengua espa\u00f1ola<i>: El tigre en la casa\u00a0<\/i>(1970). \u00c9ste ha sido reeditado en 2013 por Valparaiso Ediciones, editorial espa\u00f1ola que dirige el poeta Javier Bozalongo.<\/p>\n<p>Con\u00a0<i>El tigre en la casa\u00a0<\/i>Eduardo Lizalde construye una est\u00e9tica inusitada, que toma sin reservas elementos de la poes\u00eda de Charles Baudelaire as\u00ed como del romanticismo espa\u00f1ol de Gustavo Adolfo B\u00e9cquer; una poes\u00eda que conjuga la eficacia verbal de Salvador D\u00edaz Mir\u00f3n y la escalofriante plasticidad del Isidore Ducasse.<\/p>\n<p>Al fijar el procedimiento de su po\u00e9tica personal, Eduardo Lizalde elige la figura del tigre como el s\u00edmbolo inequ\u00edvoco de la desgracia amorosa; en esta bestia se conjugan \u00able plus beu\u00bb y la \u00abfearful symmetry\u00bb, gracia y flexibilidad conjugadas al servicio del homicida.<\/p>\n<p>La equilibrada bipolaridad del tigre, su carnicera figura imperturbable se antepone a la perra, como contraparte efectiva del mismo signo. Alguna vez Lizalde declar\u00f3 que \u00abla humanidad es soltera y hu\u00e9rfana, por lo que el ser humano tiene algo de tigre\u00bb; esta declaraci\u00f3n nos remite inmediata al otro poeta mexicano fundamental, Ram\u00f3n L\u00f3pez Velarde.<\/p>\n<p>Me explico, el tigre de Lizalde es una alusi\u00f3n a la desgracia amorosa, esta naturaleza aleg\u00f3rica del tigre es cercana entonces a la que Ram\u00f3n L\u00f3pez Velarde bosqueja en su poema\u00a0<i>Obra Maestra\u00a0<\/i>donde \u00abel soltero es el tigre que escribe ochos en el piso de la soledad. No retrocede ni avanza\u00bb.<\/p>\n<p>Si en Ram\u00f3n L\u00f3pez Velarde el tigre es el soltero que ha decidido evitar la paternidad, en Lizalde \u00abel tigre real, el amo, el solo, el sol\u00bb lo es como fiera que no acepta compa\u00f1\u00eda, el tigre caza solo, pero ambos tigres comparten el \u00e1mbito dom\u00e9stico de su encierro.<\/p>\n<p>El tigre en la casa nos ha modificado, no s\u00f3lo como lectores de poes\u00eda; su fecundo rayo \u00abmoteado y asonante\u00bb, nos ha acompa\u00f1ado en las m\u00e1s distintas etapas de nuestra juventud, y nos sigue regalando visiones ins\u00f3litas de la condici\u00f3n humana, cada vez m\u00e1s pr\u00f3ximas. Su s\u00f3lida construcci\u00f3n, el asalto infalible de sus versos y esa estructura m\u00faltiple que se aleja de la manida e inflexible unidad tem\u00e1tica que suele imperar en algunos libros contempor\u00e1neos, nos sigue fascinando a casi cuarenta a\u00f1os de su publicaci\u00f3n.<\/p>\n<p>La obtenci\u00f3n de Eduardo Lizalde del X Premio de Poes\u00eda Ciudad de Granada Federico Garc\u00eda Lorca s\u00f3lo reafirma la dimensi\u00f3n de una obra ejemplar que desde hace tiempo reclama un merecido reconocimiento m\u00e1s all\u00e1 de las fronteras.<\/p><\/div>\n<\/div>\n","protected":false},"excerpt":{"rendered":"<p>Eduardo lizalde y su fecundo rayo MIJAIL LAMAS\u00a0 Alejado ya de la militancia comunista y cuatro a\u00f1os despu\u00e9s de publicar su extenso poema\u00a0Cada cosa es babel\u00a0(1966), que reflexiona sobre el lenguaje y la funci\u00f3n enunciativa de la poes\u00eda, el poeta mexicano Eduardo Lizalde publica un libro fundamental para la poes\u00eda en lengua espa\u00f1ola: El tigre &hellip; <\/p>\n<p class=\"link-more\"><a href=\"https:\/\/valparaisoediciones.es\/noticias\/2013\/10\/eduardo-lizalde-y-su-fecundo-rayo-por-mijail-lamas\/\" class=\"more-link\">Continuar leyendo<span class=\"screen-reader-text\"> \u00abEduardo Lizalde y su fecundo rayo, por Mijail Lamas\u00bb<\/span><\/a><\/p>\n","protected":false},"author":3,"featured_media":0,"comment_status":"open","ping_status":"open","sticky":false,"template":"","format":"standard","meta":{"footnotes":""},"categories":[1],"tags":[81,84,74,83,82],"class_list":["post-407","post","type-post","status-publish","format-standard","hentry","category-noticias","tag-eduardo","tag-lamas","tag-lizalde","tag-mijail","tag-tigre"],"yoast_head":"<!-- This site is optimized with the Yoast SEO plugin v24.7 - https:\/\/yoast.com\/wordpress\/plugins\/seo\/ -->\n<title>Eduardo Lizalde y su fecundo rayo, por Mijail Lamas - Valparaiso Ediciones<\/title>\n<meta name=\"robots\" content=\"index, follow, max-snippet:-1, max-image-preview:large, max-video-preview:-1\" \/>\n<link rel=\"canonical\" href=\"https:\/\/valparaisoediciones.es\/noticias\/2013\/10\/eduardo-lizalde-y-su-fecundo-rayo-por-mijail-lamas\/\" \/>\n<meta property=\"og:locale\" content=\"es_ES\" \/>\n<meta property=\"og:type\" content=\"article\" \/>\n<meta property=\"og:title\" content=\"Eduardo Lizalde y su fecundo rayo, por Mijail Lamas - Valparaiso Ediciones\" \/>\n<meta property=\"og:description\" content=\"Eduardo lizalde y su fecundo rayo MIJAIL LAMAS\u00a0 Alejado ya de la militancia comunista y cuatro a\u00f1os despu\u00e9s de publicar su extenso poema\u00a0Cada cosa es babel\u00a0(1966), que reflexiona sobre el lenguaje y la funci\u00f3n enunciativa de la poes\u00eda, el poeta mexicano Eduardo Lizalde publica un libro fundamental para la poes\u00eda en lengua espa\u00f1ola: El tigre &hellip; Continuar leyendo &quot;Eduardo Lizalde y su fecundo rayo, por Mijail Lamas&quot;\" \/>\n<meta property=\"og:url\" content=\"https:\/\/valparaisoediciones.es\/noticias\/2013\/10\/eduardo-lizalde-y-su-fecundo-rayo-por-mijail-lamas\/\" \/>\n<meta property=\"og:site_name\" content=\"Valparaiso Ediciones\" \/>\n<meta property=\"article:publisher\" content=\"https:\/\/www.facebook.com\/valparaiso.ediciones\" \/>\n<meta property=\"article:published_time\" content=\"2013-10-12T12:44:37+00:00\" \/>\n<meta name=\"author\" content=\"Administrador\" \/>\n<meta name=\"twitter:card\" content=\"summary_large_image\" \/>\n<meta name=\"twitter:creator\" content=\"@ValparaisoEd\" \/>\n<meta name=\"twitter:site\" content=\"@ValparaisoEd\" \/>\n<meta name=\"twitter:label1\" content=\"Escrito por\" \/>\n\t<meta name=\"twitter:data1\" content=\"Administrador\" \/>\n\t<meta name=\"twitter:label2\" content=\"Tiempo de lectura\" \/>\n\t<meta name=\"twitter:data2\" content=\"2 minutos\" \/>\n<script type=\"application\/ld+json\" class=\"yoast-schema-graph\">{\"@context\":\"https:\/\/schema.org\",\"@graph\":[{\"@type\":\"Article\",\"@id\":\"https:\/\/valparaisoediciones.es\/noticias\/2013\/10\/eduardo-lizalde-y-su-fecundo-rayo-por-mijail-lamas\/#article\",\"isPartOf\":{\"@id\":\"https:\/\/valparaisoediciones.es\/noticias\/2013\/10\/eduardo-lizalde-y-su-fecundo-rayo-por-mijail-lamas\/\"},\"author\":{\"name\":\"Administrador\",\"@id\":\"https:\/\/valparaisoediciones.es\/noticias\/#\/schema\/person\/a23eb8fd06a3539c8ffe2230e32817f1\"},\"headline\":\"Eduardo Lizalde y su fecundo rayo, por Mijail Lamas\",\"datePublished\":\"2013-10-12T12:44:37+00:00\",\"mainEntityOfPage\":{\"@id\":\"https:\/\/valparaisoediciones.es\/noticias\/2013\/10\/eduardo-lizalde-y-su-fecundo-rayo-por-mijail-lamas\/\"},\"wordCount\":504,\"commentCount\":0,\"publisher\":{\"@id\":\"https:\/\/valparaisoediciones.es\/noticias\/#organization\"},\"keywords\":[\"eduardo\",\"lamas\",\"lizalde\",\"mijail\",\"tigre\"],\"articleSection\":[\"Noticias\"],\"inLanguage\":\"es\",\"potentialAction\":[{\"@type\":\"CommentAction\",\"name\":\"Comment\",\"target\":[\"https:\/\/valparaisoediciones.es\/noticias\/2013\/10\/eduardo-lizalde-y-su-fecundo-rayo-por-mijail-lamas\/#respond\"]}]},{\"@type\":\"WebPage\",\"@id\":\"https:\/\/valparaisoediciones.es\/noticias\/2013\/10\/eduardo-lizalde-y-su-fecundo-rayo-por-mijail-lamas\/\",\"url\":\"https:\/\/valparaisoediciones.es\/noticias\/2013\/10\/eduardo-lizalde-y-su-fecundo-rayo-por-mijail-lamas\/\",\"name\":\"Eduardo Lizalde y su fecundo rayo, por Mijail Lamas - Valparaiso Ediciones\",\"isPartOf\":{\"@id\":\"https:\/\/valparaisoediciones.es\/noticias\/#website\"},\"datePublished\":\"2013-10-12T12:44:37+00:00\",\"breadcrumb\":{\"@id\":\"https:\/\/valparaisoediciones.es\/noticias\/2013\/10\/eduardo-lizalde-y-su-fecundo-rayo-por-mijail-lamas\/#breadcrumb\"},\"inLanguage\":\"es\",\"potentialAction\":[{\"@type\":\"ReadAction\",\"target\":[\"https:\/\/valparaisoediciones.es\/noticias\/2013\/10\/eduardo-lizalde-y-su-fecundo-rayo-por-mijail-lamas\/\"]}]},{\"@type\":\"BreadcrumbList\",\"@id\":\"https:\/\/valparaisoediciones.es\/noticias\/2013\/10\/eduardo-lizalde-y-su-fecundo-rayo-por-mijail-lamas\/#breadcrumb\",\"itemListElement\":[{\"@type\":\"ListItem\",\"position\":1,\"name\":\"Portada\",\"item\":\"https:\/\/valparaisoediciones.es\/noticias\/\"},{\"@type\":\"ListItem\",\"position\":2,\"name\":\"Eduardo Lizalde y su fecundo rayo, por Mijail Lamas\"}]},{\"@type\":\"WebSite\",\"@id\":\"https:\/\/valparaisoediciones.es\/noticias\/#website\",\"url\":\"https:\/\/valparaisoediciones.es\/noticias\/\",\"name\":\"Valparaiso Ediciones\",\"description\":\"Noticias\",\"publisher\":{\"@id\":\"https:\/\/valparaisoediciones.es\/noticias\/#organization\"},\"potentialAction\":[{\"@type\":\"SearchAction\",\"target\":{\"@type\":\"EntryPoint\",\"urlTemplate\":\"https:\/\/valparaisoediciones.es\/noticias\/?s={search_term_string}\"},\"query-input\":{\"@type\":\"PropertyValueSpecification\",\"valueRequired\":true,\"valueName\":\"search_term_string\"}}],\"inLanguage\":\"es\"},{\"@type\":\"Organization\",\"@id\":\"https:\/\/valparaisoediciones.es\/noticias\/#organization\",\"name\":\"Valpara\u00edso Ediciones\",\"url\":\"https:\/\/valparaisoediciones.es\/noticias\/\",\"logo\":{\"@type\":\"ImageObject\",\"inLanguage\":\"es\",\"@id\":\"https:\/\/valparaisoediciones.es\/noticias\/#\/schema\/logo\/image\/\",\"url\":\"http:\/\/valparaisoediciones.es\/noticias\/wp-content\/uploads\/2012\/12\/logo.png\",\"contentUrl\":\"http:\/\/valparaisoediciones.es\/noticias\/wp-content\/uploads\/2012\/12\/logo.png\",\"width\":320,\"height\":121,\"caption\":\"Valpara\u00edso Ediciones\"},\"image\":{\"@id\":\"https:\/\/valparaisoediciones.es\/noticias\/#\/schema\/logo\/image\/\"},\"sameAs\":[\"https:\/\/www.facebook.com\/valparaiso.ediciones\",\"https:\/\/x.com\/ValparaisoEd\"]},{\"@type\":\"Person\",\"@id\":\"https:\/\/valparaisoediciones.es\/noticias\/#\/schema\/person\/a23eb8fd06a3539c8ffe2230e32817f1\",\"name\":\"Administrador\",\"image\":{\"@type\":\"ImageObject\",\"inLanguage\":\"es\",\"@id\":\"https:\/\/valparaisoediciones.es\/noticias\/#\/schema\/person\/image\/\",\"url\":\"https:\/\/secure.gravatar.com\/avatar\/7bca4ba132c9cf6584007b282c38c7c3c01797d94c033ae2f6efa9a85b829dcd?s=96&d=blank&r=g\",\"contentUrl\":\"https:\/\/secure.gravatar.com\/avatar\/7bca4ba132c9cf6584007b282c38c7c3c01797d94c033ae2f6efa9a85b829dcd?s=96&d=blank&r=g\",\"caption\":\"Administrador\"},\"sameAs\":[\"http:\/\/valparaisoediciones.es\"],\"url\":\"https:\/\/valparaisoediciones.es\/noticias\/author\/administrador\/\"}]}<\/script>\n<!-- \/ Yoast SEO plugin. -->","yoast_head_json":{"title":"Eduardo Lizalde y su fecundo rayo, por Mijail Lamas - Valparaiso Ediciones","robots":{"index":"index","follow":"follow","max-snippet":"max-snippet:-1","max-image-preview":"max-image-preview:large","max-video-preview":"max-video-preview:-1"},"canonical":"https:\/\/valparaisoediciones.es\/noticias\/2013\/10\/eduardo-lizalde-y-su-fecundo-rayo-por-mijail-lamas\/","og_locale":"es_ES","og_type":"article","og_title":"Eduardo Lizalde y su fecundo rayo, por Mijail Lamas - Valparaiso Ediciones","og_description":"Eduardo lizalde y su fecundo rayo MIJAIL LAMAS\u00a0 Alejado ya de la militancia comunista y cuatro a\u00f1os despu\u00e9s de publicar su extenso poema\u00a0Cada cosa es babel\u00a0(1966), que reflexiona sobre el lenguaje y la funci\u00f3n enunciativa de la poes\u00eda, el poeta mexicano Eduardo Lizalde publica un libro fundamental para la poes\u00eda en lengua espa\u00f1ola: El tigre &hellip; Continuar leyendo \"Eduardo Lizalde y su fecundo rayo, por Mijail Lamas\"","og_url":"https:\/\/valparaisoediciones.es\/noticias\/2013\/10\/eduardo-lizalde-y-su-fecundo-rayo-por-mijail-lamas\/","og_site_name":"Valparaiso Ediciones","article_publisher":"https:\/\/www.facebook.com\/valparaiso.ediciones","article_published_time":"2013-10-12T12:44:37+00:00","author":"Administrador","twitter_card":"summary_large_image","twitter_creator":"@ValparaisoEd","twitter_site":"@ValparaisoEd","twitter_misc":{"Escrito por":"Administrador","Tiempo de lectura":"2 minutos"},"schema":{"@context":"https:\/\/schema.org","@graph":[{"@type":"Article","@id":"https:\/\/valparaisoediciones.es\/noticias\/2013\/10\/eduardo-lizalde-y-su-fecundo-rayo-por-mijail-lamas\/#article","isPartOf":{"@id":"https:\/\/valparaisoediciones.es\/noticias\/2013\/10\/eduardo-lizalde-y-su-fecundo-rayo-por-mijail-lamas\/"},"author":{"name":"Administrador","@id":"https:\/\/valparaisoediciones.es\/noticias\/#\/schema\/person\/a23eb8fd06a3539c8ffe2230e32817f1"},"headline":"Eduardo Lizalde y su fecundo rayo, por Mijail Lamas","datePublished":"2013-10-12T12:44:37+00:00","mainEntityOfPage":{"@id":"https:\/\/valparaisoediciones.es\/noticias\/2013\/10\/eduardo-lizalde-y-su-fecundo-rayo-por-mijail-lamas\/"},"wordCount":504,"commentCount":0,"publisher":{"@id":"https:\/\/valparaisoediciones.es\/noticias\/#organization"},"keywords":["eduardo","lamas","lizalde","mijail","tigre"],"articleSection":["Noticias"],"inLanguage":"es","potentialAction":[{"@type":"CommentAction","name":"Comment","target":["https:\/\/valparaisoediciones.es\/noticias\/2013\/10\/eduardo-lizalde-y-su-fecundo-rayo-por-mijail-lamas\/#respond"]}]},{"@type":"WebPage","@id":"https:\/\/valparaisoediciones.es\/noticias\/2013\/10\/eduardo-lizalde-y-su-fecundo-rayo-por-mijail-lamas\/","url":"https:\/\/valparaisoediciones.es\/noticias\/2013\/10\/eduardo-lizalde-y-su-fecundo-rayo-por-mijail-lamas\/","name":"Eduardo Lizalde y su fecundo rayo, por Mijail Lamas - Valparaiso Ediciones","isPartOf":{"@id":"https:\/\/valparaisoediciones.es\/noticias\/#website"},"datePublished":"2013-10-12T12:44:37+00:00","breadcrumb":{"@id":"https:\/\/valparaisoediciones.es\/noticias\/2013\/10\/eduardo-lizalde-y-su-fecundo-rayo-por-mijail-lamas\/#breadcrumb"},"inLanguage":"es","potentialAction":[{"@type":"ReadAction","target":["https:\/\/valparaisoediciones.es\/noticias\/2013\/10\/eduardo-lizalde-y-su-fecundo-rayo-por-mijail-lamas\/"]}]},{"@type":"BreadcrumbList","@id":"https:\/\/valparaisoediciones.es\/noticias\/2013\/10\/eduardo-lizalde-y-su-fecundo-rayo-por-mijail-lamas\/#breadcrumb","itemListElement":[{"@type":"ListItem","position":1,"name":"Portada","item":"https:\/\/valparaisoediciones.es\/noticias\/"},{"@type":"ListItem","position":2,"name":"Eduardo Lizalde y su fecundo rayo, por Mijail Lamas"}]},{"@type":"WebSite","@id":"https:\/\/valparaisoediciones.es\/noticias\/#website","url":"https:\/\/valparaisoediciones.es\/noticias\/","name":"Valparaiso Ediciones","description":"Noticias","publisher":{"@id":"https:\/\/valparaisoediciones.es\/noticias\/#organization"},"potentialAction":[{"@type":"SearchAction","target":{"@type":"EntryPoint","urlTemplate":"https:\/\/valparaisoediciones.es\/noticias\/?s={search_term_string}"},"query-input":{"@type":"PropertyValueSpecification","valueRequired":true,"valueName":"search_term_string"}}],"inLanguage":"es"},{"@type":"Organization","@id":"https:\/\/valparaisoediciones.es\/noticias\/#organization","name":"Valpara\u00edso Ediciones","url":"https:\/\/valparaisoediciones.es\/noticias\/","logo":{"@type":"ImageObject","inLanguage":"es","@id":"https:\/\/valparaisoediciones.es\/noticias\/#\/schema\/logo\/image\/","url":"http:\/\/valparaisoediciones.es\/noticias\/wp-content\/uploads\/2012\/12\/logo.png","contentUrl":"http:\/\/valparaisoediciones.es\/noticias\/wp-content\/uploads\/2012\/12\/logo.png","width":320,"height":121,"caption":"Valpara\u00edso Ediciones"},"image":{"@id":"https:\/\/valparaisoediciones.es\/noticias\/#\/schema\/logo\/image\/"},"sameAs":["https:\/\/www.facebook.com\/valparaiso.ediciones","https:\/\/x.com\/ValparaisoEd"]},{"@type":"Person","@id":"https:\/\/valparaisoediciones.es\/noticias\/#\/schema\/person\/a23eb8fd06a3539c8ffe2230e32817f1","name":"Administrador","image":{"@type":"ImageObject","inLanguage":"es","@id":"https:\/\/valparaisoediciones.es\/noticias\/#\/schema\/person\/image\/","url":"https:\/\/secure.gravatar.com\/avatar\/7bca4ba132c9cf6584007b282c38c7c3c01797d94c033ae2f6efa9a85b829dcd?s=96&d=blank&r=g","contentUrl":"https:\/\/secure.gravatar.com\/avatar\/7bca4ba132c9cf6584007b282c38c7c3c01797d94c033ae2f6efa9a85b829dcd?s=96&d=blank&r=g","caption":"Administrador"},"sameAs":["http:\/\/valparaisoediciones.es"],"url":"https:\/\/valparaisoediciones.es\/noticias\/author\/administrador\/"}]}},"_links":{"self":[{"href":"https:\/\/valparaisoediciones.es\/noticias\/wp-json\/wp\/v2\/posts\/407","targetHints":{"allow":["GET"]}}],"collection":[{"href":"https:\/\/valparaisoediciones.es\/noticias\/wp-json\/wp\/v2\/posts"}],"about":[{"href":"https:\/\/valparaisoediciones.es\/noticias\/wp-json\/wp\/v2\/types\/post"}],"author":[{"embeddable":true,"href":"https:\/\/valparaisoediciones.es\/noticias\/wp-json\/wp\/v2\/users\/3"}],"replies":[{"embeddable":true,"href":"https:\/\/valparaisoediciones.es\/noticias\/wp-json\/wp\/v2\/comments?post=407"}],"version-history":[{"count":2,"href":"https:\/\/valparaisoediciones.es\/noticias\/wp-json\/wp\/v2\/posts\/407\/revisions"}],"predecessor-version":[{"id":409,"href":"https:\/\/valparaisoediciones.es\/noticias\/wp-json\/wp\/v2\/posts\/407\/revisions\/409"}],"wp:attachment":[{"href":"https:\/\/valparaisoediciones.es\/noticias\/wp-json\/wp\/v2\/media?parent=407"}],"wp:term":[{"taxonomy":"category","embeddable":true,"href":"https:\/\/valparaisoediciones.es\/noticias\/wp-json\/wp\/v2\/categories?post=407"},{"taxonomy":"post_tag","embeddable":true,"href":"https:\/\/valparaisoediciones.es\/noticias\/wp-json\/wp\/v2\/tags?post=407"}],"curies":[{"name":"wp","href":"https:\/\/api.w.org\/{rel}","templated":true}]}}