{"id":460,"date":"2014-02-02T19:56:44","date_gmt":"2014-02-02T19:56:44","guid":{"rendered":"http:\/\/valparaisoediciones.es\/noticias\/?p=460"},"modified":"2014-02-02T19:56:44","modified_gmt":"2014-02-02T19:56:44","slug":"la-habitacion-al-fondo-de-la-casa-por-juana-macias","status":"publish","type":"post","link":"https:\/\/valparaisoediciones.es\/noticias\/2014\/02\/la-habitacion-al-fondo-de-la-casa-por-juana-macias\/","title":{"rendered":"La habitaci\u00f3n al fondo de la casa, por Juana Mac\u00edas"},"content":{"rendered":"<p>LA HABITACI\u00d3N AL FONDO DE LA CASA. DE JORGE GALAN.<\/p>\n<p>Comentario para el Club de Lectura MARDELEVA.<\/p>\n<p>&nbsp;<\/p>\n<p>La novela se inicia con el Caminante,\u00a0 el que fue\u00a0 llamado Hijo, Bicho, Hombre, Cuentista y Anciano. Un hombre conformado por todos los que fue, y que muere en un acto de creaci\u00f3n, un acto m\u00edtico, por el que engendra\u00a0 al hijo que dar\u00e1 inicio a la estirpe.<\/p>\n<p>Una estirpe marcada por\u00a0 la soledad, el dolor y la muerte pero tambi\u00e9n por el amor y la esperanza. La estirpe del caminante se hace historia. Las historias que Magdalena, una anciana que se extingue lentamente en la penumbra, cuenta a su nieto. La memoria de una saga, de un pueblo, la memoria por la que\u00a0 somos y nos reconocemos, por la que todo vuelve a empezar porque como nos dice el nieto, el \u00faltimo hombre \u201ctambi\u00e9n era el primero\u201d.<\/p>\n<p>Las historias pasan de generaci\u00f3n a generaci\u00f3n, siguiendo la tradici\u00f3n oral: Magda escucha fascinada las historias que le cuenta su abuela, y\u00a0 que ella contar\u00eda a sus hijos y nieto, o\u00edrlas\u00a0 era como sumergirse en los libros pero con la ventaja de que las historias de la abuela eran ver\u00eddicas\u00a0 (105), a pesar de ser \u201cun legado de historias fant\u00e1sticas\u201d (124)<\/p>\n<p>A trav\u00e9s de peque\u00f1os relatos, como piezas de un precioso mosaico, nos va introduciendo en dos realidades, en dos tiempos, el antes y el ahora atravesando toda la novela como dos mitades de una misma cosa. Y como augurio de esta fractura,\u00a0 la novela comienza con una frase rotunda:<\/p>\n<p>\u201cUn grito indefinible cort\u00f3 la noche en dos mitades\u201d En dos tiempos, el antes m\u00e1gico, el de los espantos y los milagros y el ahora descre\u00eddo y real. Como le dice\u00a0 Magdalena, la maga,\u00a0 la contadora de historias, a su nieto \u201cnunca me crees nada\u201d y es que cuando\u00a0 el coraz\u00f3n se llena de oscuridad (110) y la vida se convierte en algo terrible se deja de creer.<\/p>\n<p>\u201cSoy una maga, me repite, y aunque la escucho con una atenci\u00f3n incansable, mon\u00f3tona, sin l\u00edmites, s\u00e9 que ella se da cuenta de que no le creo ni una palabra\u201d (43)<\/p>\n<p>Y un poco m\u00e1s adelante dice Magdalena al nieto:<\/p>\n<p>\u201c\u2026te cuesta creer en las cosas, eres como toda la gente de estos tiempos\u2026\u201d (92)<\/p>\n<p>&nbsp;<\/p>\n<p>El tiempo es un elemento muy importante en la novela.<\/p>\n<p>El tiempo es una presencia, lo sentimos en\u00a0 la duplicidad que permite la magia:<\/p>\n<p>-Magdalena y su nieto viven en un tiempo pero pertenecen a otro: \u201csentado sobre un sill\u00f3n de tela ro\u00edda en la penumbra de la \u00faltima habitaci\u00f3n de una casa donde todo pertenec\u00eda a otro tiempo, incluso ellos mismos\u201d (52).<\/p>\n<p>-Hay dos tiempo y solo en uno todo es posible: \u201cen ese tiempo que te digo todo era posible y ahora ya no es posible nada porque todo se borr\u00f3\u201d (92)<\/p>\n<p>Y en el borrar sentimos su transitoriedad, todo termina, \u201chay felicidades que no tienen regreso\u201d (129); apenas llegamos a ser cuando ya hemos sido.\u00a0 Con el tiempo todo se convierte en recuerdos. \u201cTodo terminara siempre por perderse\u201d (169)<\/p>\n<p>Tambi\u00e9n desaparece la coherencia lineal del tiempo, pasado, futuro y presente se alternan o se funden a su antojo.\u00a0 A veces el narrador, convertido en personaje, nos habla en presente y nos hace c\u00f3mplices pasivos de las historias como si estuvi\u00e9semos en la habitaci\u00f3n escuch\u00e1ndolo, eternizando el ahora en cada nueva lectura.<\/p>\n<p>El tiempo de lo ins\u00f3lito, lo extraordinario, es tambi\u00e9n\u00a0 el de las supersticiones, las supercher\u00edas, las maldiciones, los embrujos, el fanatismo religioso, la violencia, la muerte\u00a0 y la soledad como \u00faltimo destino.<\/p>\n<p>Aunque nada escapa al destino, ni los mundos reales ni los inventados, en la novela, no es solo una fuerza desconocida que obra sobre los hombres y los sucesos. El destino es, tambi\u00e9n, la llegada a un lugar \u00faltimo o al amor. Por ello\u00a0 Do\u00f1a Prudencia no tiene l\u00edneas en las palmas de las manos, ella no tiene destino, ella no tiene un lugar o un coraz\u00f3n en el que quedarse para siempre, ella pertenece al viento fr\u00edo del norte.<\/p>\n<p>&nbsp;<\/p>\n<p>Escribir es imaginar y cuando la realidad consiste en sobrevivir, la imaginaci\u00f3n, por un momento, nos salva. Creer en lo ins\u00f3lito da esperanza. Un tiempo en el que todo es posible:<\/p>\n<p>Las hermanas que vuelan como s\u00edmbolo de pureza. El ni\u00f1o milagroso, cuya tragedia es el resultado del fanatismo o de la desesperaci\u00f3n por creer en promesas que nunca llegan a cumplirse. La aparici\u00f3n de los tres ni\u00f1os.\u00a0 El poder maligno de Magdalena que despierta al escuchar las palabras m\u00e1gicas, que son:<\/p>\n<p>\u201cNo te vayas a ir sin limpiarme la mierda que me dej\u00f3 tu animal en la grama.\u201d<\/p>\n<p>No es la magia que se espera, son palabras vulgares,\u00a0 todos hemos escuchado algo similar, cosas sin importancia que nos altera y provoca una respuesta desproporcionada. El rey Midas dese\u00f3 que todo cuanto tocase se convirtiera en oro, no midi\u00f3 las consecuencias de su deseo y se convirti\u00f3 en una especie de\u00a0 inv\u00e1lido que no pod\u00eda ni tocarse a si mismo. El poder de Magdalena al principio parece maravilloso, pero termina siendo m\u00e1s terrible para ella misma que para los dem\u00e1s. Magda se siente atrapada en la mara\u00f1a de un poder del que no puede liberarse.<\/p>\n<p>Otra manifestaci\u00f3n de lo m\u00e1gico son los sue\u00f1os: el Anciano y Vicente sue\u00f1an con \u00e1ngeles cuando el amor les llama. Los sue\u00f1os premonitorios de Magdalena (66). Don Ignacio que espera su milagro por un sue\u00f1o que tuvo de juventud (73)<\/p>\n<p>Las acciones de los personajes adquieren una connotaci\u00f3n m\u00e1gica cuando son el cumplimiento de un sue\u00f1o: Magda \u201c\u2026decidi\u00f3 enfrentarse a su destino, como en su sue\u00f1o, porque todo lo hab\u00eda hecho como en su sue\u00f1o\u201d (117). Prudencia \u201c\u2026yo so\u00f1\u00e9 con usted y por eso vine\u201d(165)<\/p>\n<p>Esta realidad ins\u00f3lita, fant\u00e1stica, nos recuerda el llamado realismo m\u00e1gico. Pero hay una diferencia. Una de las caracter\u00edsticas del realismo m\u00e1gico, es que los sucesos extraordinarios forman parte de lo cotidiano, nadie se asombra, no se ocultan, porque hay una continuidad entre lo real y lo irreal, no hay una ruptura entre ambos espacios. En la novela de Gal\u00e1n, los personajes, s\u00ed\u00a0 ocultan sus poderes, temen no ser comprendidos y\u00a0 adem\u00e1s hay una cierta ruptura pues aunque el espacio sea el mismo, el tiempo no lo es. Constantemente tenemos la percepci\u00f3n de dos tiempos el m\u00e1gico y el real.<\/p>\n<p>Lo religioso tambi\u00e9n tiene una gran presencia en la novela. Los diversos personajes creen a su manera, adaptan la religi\u00f3n a lo cotidiano, a sus necesidades. Por eso do\u00f1a Marcela le dice a su marido: (\u00e9l solo toma cosas fr\u00edas para desayunar)<\/p>\n<p>\u201c\u2026 \u00bfes que no ves el fr\u00edo que hace?&#8230;.por eso te hice mejor el chocolatito caliente, no seas desagradecido, mira que Dios se fija en esas cosas\u201d<\/p>\n<p>Hay numerosas referencias a la mitolog\u00eda cristiana: el ni\u00f1o que anda sobre el agua como lo hizo Jes\u00fas. La mujer que concibe sin conocer var\u00f3n como la virgen Mar\u00eda. Los ni\u00f1os que llegan por el r\u00edo como Mois\u00e9s en la canastilla.\u00a0 Ignacio S\u00e1nchez,\u00a0 al igual que Jes\u00fas en la cruz,\u00a0 dice \u201c\u00bfPor qu\u00e9 me abandonaste, por qu\u00e9\u2026?\u201d 89<\/p>\n<p>Tambi\u00e9n nos habla del destino irrelevante de las mujeres, condenadas vivir a la sombra del hombre, o del destino tr\u00e1gico como las mujeres fantasmales que esperan sin esperanzas, y como unas ni\u00f1as se\u00a0 rebelan contra ese destino al jurar que jam\u00e1s ser\u00edan ni unas amargadas ni unas beatas 68<\/p>\n<p>&nbsp;<\/p>\n<p>Por \u00faltimo, cuando termin\u00e9 de leer \u201cla habitaci\u00f3n al fondo de la casa\u201d me pregunte a qu\u00e9 ol\u00eda una novela en la que el sentimiento, la emoci\u00f3n, la espera o incluso la oscuridad huelen.<\/p>\n<p>A Genaro Alberto le vino el amor cuando se le llen\u00f3 la cabeza de un olor desconocido, Vicente fue concebido bajo el aroma de los jazmines silvestres. La tristeza ol\u00eda a crisantemos 116. Cada calle tiene su propio olor,\u00a0 una huele a urinario, otra a mar, otra a rosas\u2026. En La habitaci\u00f3n donde Magdalena cuenta sus historias, huele a sudor y a medicina, en una \u201ccasa con olor a excrementos de gatos y a oscuridad, porque la oscuridad se ha densificado, ha adquirido forma, peso, olor\u2026\u201d196<\/p>\n<p>No s\u00e9 a qu\u00e9 huele esta novela, pero me gustar\u00eda creer que a algo dulce como el beso torpe e inesperado, el que Magdalena record\u00f3 toda su vida y le supo a dulce de conserva. Porque las cosas sencillas como el sabor del coco y el chilacayote en unos labios, \u201ces lo que permanece para\u00a0 siempre\u201d 120<\/p>\n<p>&nbsp;<\/p>\n<p>Dice Almudena en el pr\u00f3logo, que\u00a0 la escritura de Jorge Gal\u00e1n,\u00a0 es \u201csabia, limpia y tersa\u201d, yo a\u00f1adir\u00eda, \u00e1gil, fluida y po\u00e9tica. Leemos sin notarlo, dej\u00e1ndonos llevar por historias que nos conmueve, nos intriga, nos hace sonre\u00edr o se nos cae alguna l\u00e1grima.<\/p>\n<p>Es una novela que no solo entretiene sino que ense\u00f1a, transmite mensajes, nos hace pensar sobre la amistad, el amor, el paso del tiempo y preguntarnos \u00bfqu\u00e9 hacer con lo vida? \u00bfQui\u00e9nes somos?<\/p>\n<p>Es una novela extraordinaria que nos habla de una \u00e9poca en la que los amores lo eran para siempre, lo m\u00e1gico formaba parte de la vida, y los jazmines salvajes \u201cparec\u00edan hechos de agua llovida\u201d (46)<\/p>\n<p>&nbsp;<\/p>\n<p>&nbsp;<\/p>\n<p>&nbsp;<\/p>\n<p>Juana Mac\u00edas Moreno.<\/p>\n<p>10\/1\/2014<\/p>\n<p>&nbsp;<\/p>\n<p>&#8212;&#8212;&#8212;&#8212;&#8212;&#8212;&#8212;&#8212;&#8212;&#8212;&#8212;&#8212;&#8212;&#8212;&#8212;&#8212;<\/p>\n<p>&nbsp;<\/p>\n<p>&nbsp;<\/p>\n<p>&nbsp;<\/p>\n<p>&nbsp;<\/p>\n<p>&nbsp;<\/p>\n<p><b>JORGE GAL\u00c1N<\/b>. Poeta y Escritor, Naci\u00f3 en San Salvador, El Salvador, 1973. Licenciado en Letras por la Universidad Centroamericana Jos\u00e9 Sime\u00f3n Ca\u00f1as (UCA). Ha obtenido varios premios literarios a nivel nacional\u00a0 e internacional.<\/p>\n<p>&nbsp;<\/p>\n<p>Premios Obtenidos:<\/p>\n<ul>\n<li>Premio Nacional de Novela Corta. Organizado por el Consejo Nacional para la Cultura y el\u00a0\u00a0 Arte de El Salvador, CONCULTURA. A\u00f1o 2006.<\/li>\n<li>Premio Charles Perrault de Cuento Infantil.\u00a0 Organizado por la Alianza Francesa de El\u00a0 Salvador. A\u00f1o 2005.<\/li>\n<li>Premio Hispanoamericano de Poes\u00eda de los Juegos Florales de Quetzaltenango, Guatemala. A\u00f1o 2004.<\/li>\n<li>Premio Nacional de Novela Corta. Organizado por el Consejo Nacional para la Cultura y el Arte de El Salvador, CONCULTURA. A\u00f1o 2003.<\/li>\n<li>Gran Maestre de Poes\u00eda Nacional de El Salvador. Dado por CONCULTURA &#8211; Comisi\u00f3n Nacional para la Cultura y el Arte de El Salvador -, luego de obtener tres premios Nacionales de poes\u00eda. A\u00f1o 2000.<\/li>\n<li>Premio Nacional de Poes\u00eda, CONCULTURA, obtenido en estos a\u00f1os: 1999, 1998, 1996.<\/li>\n<li><\/li>\n<li>Libros Publicados: El d\u00eda Interminable, 2004. Una primavera muy larga. Tarde de Martes, 2004. La habitaci\u00f3n al fondo de la casa.<\/li>\n<\/ul>\n<p>&nbsp;<\/p>\n","protected":false},"excerpt":{"rendered":"<p>LA HABITACI\u00d3N AL FONDO DE LA CASA. DE JORGE GALAN. Comentario para el Club de Lectura MARDELEVA. &nbsp; La novela se inicia con el Caminante,\u00a0 el que fue\u00a0 llamado Hijo, Bicho, Hombre, Cuentista y Anciano. Un hombre conformado por todos los que fue, y que muere en un acto de creaci\u00f3n, un acto m\u00edtico, por &hellip; <\/p>\n<p class=\"link-more\"><a href=\"https:\/\/valparaisoediciones.es\/noticias\/2014\/02\/la-habitacion-al-fondo-de-la-casa-por-juana-macias\/\" class=\"more-link\">Continuar leyendo<span class=\"screen-reader-text\"> \u00abLa habitaci\u00f3n al fondo de la casa, por Juana Mac\u00edas\u00bb<\/span><\/a><\/p>\n","protected":false},"author":3,"featured_media":0,"comment_status":"open","ping_status":"open","sticky":false,"template":"","format":"standard","meta":{"footnotes":""},"categories":[12],"tags":[102,93,92,101,48],"class_list":["post-460","post","type-post","status-publish","format-standard","hentry","category-resenas","tag-club-de-lectura","tag-galan","tag-jorge","tag-la-habitacion","tag-resena"],"yoast_head":"<!-- This site is optimized with the Yoast SEO plugin v24.7 - https:\/\/yoast.com\/wordpress\/plugins\/seo\/ -->\n<title>La habitaci\u00f3n al fondo de la casa, por Juana Mac\u00edas - Valparaiso Ediciones<\/title>\n<meta name=\"robots\" content=\"index, follow, max-snippet:-1, max-image-preview:large, max-video-preview:-1\" \/>\n<link rel=\"canonical\" href=\"https:\/\/valparaisoediciones.es\/noticias\/2014\/02\/la-habitacion-al-fondo-de-la-casa-por-juana-macias\/\" \/>\n<meta property=\"og:locale\" content=\"es_ES\" \/>\n<meta property=\"og:type\" content=\"article\" \/>\n<meta property=\"og:title\" content=\"La habitaci\u00f3n al fondo de la casa, por Juana Mac\u00edas - Valparaiso Ediciones\" \/>\n<meta property=\"og:description\" content=\"LA HABITACI\u00d3N AL FONDO DE LA CASA. DE JORGE GALAN. Comentario para el Club de Lectura MARDELEVA. &nbsp; La novela se inicia con el Caminante,\u00a0 el que fue\u00a0 llamado Hijo, Bicho, Hombre, Cuentista y Anciano. Un hombre conformado por todos los que fue, y que muere en un acto de creaci\u00f3n, un acto m\u00edtico, por &hellip; Continuar leyendo &quot;La habitaci\u00f3n al fondo de la casa, por Juana Mac\u00edas&quot;\" \/>\n<meta property=\"og:url\" content=\"https:\/\/valparaisoediciones.es\/noticias\/2014\/02\/la-habitacion-al-fondo-de-la-casa-por-juana-macias\/\" \/>\n<meta property=\"og:site_name\" content=\"Valparaiso Ediciones\" \/>\n<meta property=\"article:publisher\" content=\"https:\/\/www.facebook.com\/valparaiso.ediciones\" \/>\n<meta property=\"article:published_time\" content=\"2014-02-02T19:56:44+00:00\" \/>\n<meta name=\"author\" content=\"Administrador\" \/>\n<meta name=\"twitter:card\" content=\"summary_large_image\" \/>\n<meta name=\"twitter:creator\" content=\"@ValparaisoEd\" \/>\n<meta name=\"twitter:site\" content=\"@ValparaisoEd\" \/>\n<meta name=\"twitter:label1\" content=\"Escrito por\" \/>\n\t<meta name=\"twitter:data1\" content=\"Administrador\" \/>\n\t<meta name=\"twitter:label2\" content=\"Tiempo de lectura\" \/>\n\t<meta name=\"twitter:data2\" content=\"9 minutos\" \/>\n<script type=\"application\/ld+json\" class=\"yoast-schema-graph\">{\"@context\":\"https:\/\/schema.org\",\"@graph\":[{\"@type\":\"Article\",\"@id\":\"https:\/\/valparaisoediciones.es\/noticias\/2014\/02\/la-habitacion-al-fondo-de-la-casa-por-juana-macias\/#article\",\"isPartOf\":{\"@id\":\"https:\/\/valparaisoediciones.es\/noticias\/2014\/02\/la-habitacion-al-fondo-de-la-casa-por-juana-macias\/\"},\"author\":{\"name\":\"Administrador\",\"@id\":\"https:\/\/valparaisoediciones.es\/noticias\/#\/schema\/person\/a23eb8fd06a3539c8ffe2230e32817f1\"},\"headline\":\"La habitaci\u00f3n al fondo de la casa, por Juana Mac\u00edas\",\"datePublished\":\"2014-02-02T19:56:44+00:00\",\"mainEntityOfPage\":{\"@id\":\"https:\/\/valparaisoediciones.es\/noticias\/2014\/02\/la-habitacion-al-fondo-de-la-casa-por-juana-macias\/\"},\"wordCount\":1824,\"commentCount\":0,\"publisher\":{\"@id\":\"https:\/\/valparaisoediciones.es\/noticias\/#organization\"},\"keywords\":[\"club de lectura\",\"gal\u00e1n\",\"jorge\",\"la habitaci\u00f3n\",\"rese\u00f1a\"],\"articleSection\":[\"Rese\u00f1as\"],\"inLanguage\":\"es\",\"potentialAction\":[{\"@type\":\"CommentAction\",\"name\":\"Comment\",\"target\":[\"https:\/\/valparaisoediciones.es\/noticias\/2014\/02\/la-habitacion-al-fondo-de-la-casa-por-juana-macias\/#respond\"]}]},{\"@type\":\"WebPage\",\"@id\":\"https:\/\/valparaisoediciones.es\/noticias\/2014\/02\/la-habitacion-al-fondo-de-la-casa-por-juana-macias\/\",\"url\":\"https:\/\/valparaisoediciones.es\/noticias\/2014\/02\/la-habitacion-al-fondo-de-la-casa-por-juana-macias\/\",\"name\":\"La habitaci\u00f3n al fondo de la casa, por Juana Mac\u00edas - Valparaiso Ediciones\",\"isPartOf\":{\"@id\":\"https:\/\/valparaisoediciones.es\/noticias\/#website\"},\"datePublished\":\"2014-02-02T19:56:44+00:00\",\"breadcrumb\":{\"@id\":\"https:\/\/valparaisoediciones.es\/noticias\/2014\/02\/la-habitacion-al-fondo-de-la-casa-por-juana-macias\/#breadcrumb\"},\"inLanguage\":\"es\",\"potentialAction\":[{\"@type\":\"ReadAction\",\"target\":[\"https:\/\/valparaisoediciones.es\/noticias\/2014\/02\/la-habitacion-al-fondo-de-la-casa-por-juana-macias\/\"]}]},{\"@type\":\"BreadcrumbList\",\"@id\":\"https:\/\/valparaisoediciones.es\/noticias\/2014\/02\/la-habitacion-al-fondo-de-la-casa-por-juana-macias\/#breadcrumb\",\"itemListElement\":[{\"@type\":\"ListItem\",\"position\":1,\"name\":\"Portada\",\"item\":\"https:\/\/valparaisoediciones.es\/noticias\/\"},{\"@type\":\"ListItem\",\"position\":2,\"name\":\"La habitaci\u00f3n al fondo de la casa, por Juana Mac\u00edas\"}]},{\"@type\":\"WebSite\",\"@id\":\"https:\/\/valparaisoediciones.es\/noticias\/#website\",\"url\":\"https:\/\/valparaisoediciones.es\/noticias\/\",\"name\":\"Valparaiso Ediciones\",\"description\":\"Noticias\",\"publisher\":{\"@id\":\"https:\/\/valparaisoediciones.es\/noticias\/#organization\"},\"potentialAction\":[{\"@type\":\"SearchAction\",\"target\":{\"@type\":\"EntryPoint\",\"urlTemplate\":\"https:\/\/valparaisoediciones.es\/noticias\/?s={search_term_string}\"},\"query-input\":{\"@type\":\"PropertyValueSpecification\",\"valueRequired\":true,\"valueName\":\"search_term_string\"}}],\"inLanguage\":\"es\"},{\"@type\":\"Organization\",\"@id\":\"https:\/\/valparaisoediciones.es\/noticias\/#organization\",\"name\":\"Valpara\u00edso Ediciones\",\"url\":\"https:\/\/valparaisoediciones.es\/noticias\/\",\"logo\":{\"@type\":\"ImageObject\",\"inLanguage\":\"es\",\"@id\":\"https:\/\/valparaisoediciones.es\/noticias\/#\/schema\/logo\/image\/\",\"url\":\"http:\/\/valparaisoediciones.es\/noticias\/wp-content\/uploads\/2012\/12\/logo.png\",\"contentUrl\":\"http:\/\/valparaisoediciones.es\/noticias\/wp-content\/uploads\/2012\/12\/logo.png\",\"width\":320,\"height\":121,\"caption\":\"Valpara\u00edso Ediciones\"},\"image\":{\"@id\":\"https:\/\/valparaisoediciones.es\/noticias\/#\/schema\/logo\/image\/\"},\"sameAs\":[\"https:\/\/www.facebook.com\/valparaiso.ediciones\",\"https:\/\/x.com\/ValparaisoEd\"]},{\"@type\":\"Person\",\"@id\":\"https:\/\/valparaisoediciones.es\/noticias\/#\/schema\/person\/a23eb8fd06a3539c8ffe2230e32817f1\",\"name\":\"Administrador\",\"image\":{\"@type\":\"ImageObject\",\"inLanguage\":\"es\",\"@id\":\"https:\/\/valparaisoediciones.es\/noticias\/#\/schema\/person\/image\/\",\"url\":\"https:\/\/secure.gravatar.com\/avatar\/7bca4ba132c9cf6584007b282c38c7c3c01797d94c033ae2f6efa9a85b829dcd?s=96&d=blank&r=g\",\"contentUrl\":\"https:\/\/secure.gravatar.com\/avatar\/7bca4ba132c9cf6584007b282c38c7c3c01797d94c033ae2f6efa9a85b829dcd?s=96&d=blank&r=g\",\"caption\":\"Administrador\"},\"sameAs\":[\"http:\/\/valparaisoediciones.es\"],\"url\":\"https:\/\/valparaisoediciones.es\/noticias\/author\/administrador\/\"}]}<\/script>\n<!-- \/ Yoast SEO plugin. -->","yoast_head_json":{"title":"La habitaci\u00f3n al fondo de la casa, por Juana Mac\u00edas - Valparaiso Ediciones","robots":{"index":"index","follow":"follow","max-snippet":"max-snippet:-1","max-image-preview":"max-image-preview:large","max-video-preview":"max-video-preview:-1"},"canonical":"https:\/\/valparaisoediciones.es\/noticias\/2014\/02\/la-habitacion-al-fondo-de-la-casa-por-juana-macias\/","og_locale":"es_ES","og_type":"article","og_title":"La habitaci\u00f3n al fondo de la casa, por Juana Mac\u00edas - Valparaiso Ediciones","og_description":"LA HABITACI\u00d3N AL FONDO DE LA CASA. DE JORGE GALAN. Comentario para el Club de Lectura MARDELEVA. &nbsp; La novela se inicia con el Caminante,\u00a0 el que fue\u00a0 llamado Hijo, Bicho, Hombre, Cuentista y Anciano. Un hombre conformado por todos los que fue, y que muere en un acto de creaci\u00f3n, un acto m\u00edtico, por &hellip; Continuar leyendo \"La habitaci\u00f3n al fondo de la casa, por Juana Mac\u00edas\"","og_url":"https:\/\/valparaisoediciones.es\/noticias\/2014\/02\/la-habitacion-al-fondo-de-la-casa-por-juana-macias\/","og_site_name":"Valparaiso Ediciones","article_publisher":"https:\/\/www.facebook.com\/valparaiso.ediciones","article_published_time":"2014-02-02T19:56:44+00:00","author":"Administrador","twitter_card":"summary_large_image","twitter_creator":"@ValparaisoEd","twitter_site":"@ValparaisoEd","twitter_misc":{"Escrito por":"Administrador","Tiempo de lectura":"9 minutos"},"schema":{"@context":"https:\/\/schema.org","@graph":[{"@type":"Article","@id":"https:\/\/valparaisoediciones.es\/noticias\/2014\/02\/la-habitacion-al-fondo-de-la-casa-por-juana-macias\/#article","isPartOf":{"@id":"https:\/\/valparaisoediciones.es\/noticias\/2014\/02\/la-habitacion-al-fondo-de-la-casa-por-juana-macias\/"},"author":{"name":"Administrador","@id":"https:\/\/valparaisoediciones.es\/noticias\/#\/schema\/person\/a23eb8fd06a3539c8ffe2230e32817f1"},"headline":"La habitaci\u00f3n al fondo de la casa, por Juana Mac\u00edas","datePublished":"2014-02-02T19:56:44+00:00","mainEntityOfPage":{"@id":"https:\/\/valparaisoediciones.es\/noticias\/2014\/02\/la-habitacion-al-fondo-de-la-casa-por-juana-macias\/"},"wordCount":1824,"commentCount":0,"publisher":{"@id":"https:\/\/valparaisoediciones.es\/noticias\/#organization"},"keywords":["club de lectura","gal\u00e1n","jorge","la habitaci\u00f3n","rese\u00f1a"],"articleSection":["Rese\u00f1as"],"inLanguage":"es","potentialAction":[{"@type":"CommentAction","name":"Comment","target":["https:\/\/valparaisoediciones.es\/noticias\/2014\/02\/la-habitacion-al-fondo-de-la-casa-por-juana-macias\/#respond"]}]},{"@type":"WebPage","@id":"https:\/\/valparaisoediciones.es\/noticias\/2014\/02\/la-habitacion-al-fondo-de-la-casa-por-juana-macias\/","url":"https:\/\/valparaisoediciones.es\/noticias\/2014\/02\/la-habitacion-al-fondo-de-la-casa-por-juana-macias\/","name":"La habitaci\u00f3n al fondo de la casa, por Juana Mac\u00edas - Valparaiso Ediciones","isPartOf":{"@id":"https:\/\/valparaisoediciones.es\/noticias\/#website"},"datePublished":"2014-02-02T19:56:44+00:00","breadcrumb":{"@id":"https:\/\/valparaisoediciones.es\/noticias\/2014\/02\/la-habitacion-al-fondo-de-la-casa-por-juana-macias\/#breadcrumb"},"inLanguage":"es","potentialAction":[{"@type":"ReadAction","target":["https:\/\/valparaisoediciones.es\/noticias\/2014\/02\/la-habitacion-al-fondo-de-la-casa-por-juana-macias\/"]}]},{"@type":"BreadcrumbList","@id":"https:\/\/valparaisoediciones.es\/noticias\/2014\/02\/la-habitacion-al-fondo-de-la-casa-por-juana-macias\/#breadcrumb","itemListElement":[{"@type":"ListItem","position":1,"name":"Portada","item":"https:\/\/valparaisoediciones.es\/noticias\/"},{"@type":"ListItem","position":2,"name":"La habitaci\u00f3n al fondo de la casa, por Juana Mac\u00edas"}]},{"@type":"WebSite","@id":"https:\/\/valparaisoediciones.es\/noticias\/#website","url":"https:\/\/valparaisoediciones.es\/noticias\/","name":"Valparaiso Ediciones","description":"Noticias","publisher":{"@id":"https:\/\/valparaisoediciones.es\/noticias\/#organization"},"potentialAction":[{"@type":"SearchAction","target":{"@type":"EntryPoint","urlTemplate":"https:\/\/valparaisoediciones.es\/noticias\/?s={search_term_string}"},"query-input":{"@type":"PropertyValueSpecification","valueRequired":true,"valueName":"search_term_string"}}],"inLanguage":"es"},{"@type":"Organization","@id":"https:\/\/valparaisoediciones.es\/noticias\/#organization","name":"Valpara\u00edso Ediciones","url":"https:\/\/valparaisoediciones.es\/noticias\/","logo":{"@type":"ImageObject","inLanguage":"es","@id":"https:\/\/valparaisoediciones.es\/noticias\/#\/schema\/logo\/image\/","url":"http:\/\/valparaisoediciones.es\/noticias\/wp-content\/uploads\/2012\/12\/logo.png","contentUrl":"http:\/\/valparaisoediciones.es\/noticias\/wp-content\/uploads\/2012\/12\/logo.png","width":320,"height":121,"caption":"Valpara\u00edso Ediciones"},"image":{"@id":"https:\/\/valparaisoediciones.es\/noticias\/#\/schema\/logo\/image\/"},"sameAs":["https:\/\/www.facebook.com\/valparaiso.ediciones","https:\/\/x.com\/ValparaisoEd"]},{"@type":"Person","@id":"https:\/\/valparaisoediciones.es\/noticias\/#\/schema\/person\/a23eb8fd06a3539c8ffe2230e32817f1","name":"Administrador","image":{"@type":"ImageObject","inLanguage":"es","@id":"https:\/\/valparaisoediciones.es\/noticias\/#\/schema\/person\/image\/","url":"https:\/\/secure.gravatar.com\/avatar\/7bca4ba132c9cf6584007b282c38c7c3c01797d94c033ae2f6efa9a85b829dcd?s=96&d=blank&r=g","contentUrl":"https:\/\/secure.gravatar.com\/avatar\/7bca4ba132c9cf6584007b282c38c7c3c01797d94c033ae2f6efa9a85b829dcd?s=96&d=blank&r=g","caption":"Administrador"},"sameAs":["http:\/\/valparaisoediciones.es"],"url":"https:\/\/valparaisoediciones.es\/noticias\/author\/administrador\/"}]}},"_links":{"self":[{"href":"https:\/\/valparaisoediciones.es\/noticias\/wp-json\/wp\/v2\/posts\/460","targetHints":{"allow":["GET"]}}],"collection":[{"href":"https:\/\/valparaisoediciones.es\/noticias\/wp-json\/wp\/v2\/posts"}],"about":[{"href":"https:\/\/valparaisoediciones.es\/noticias\/wp-json\/wp\/v2\/types\/post"}],"author":[{"embeddable":true,"href":"https:\/\/valparaisoediciones.es\/noticias\/wp-json\/wp\/v2\/users\/3"}],"replies":[{"embeddable":true,"href":"https:\/\/valparaisoediciones.es\/noticias\/wp-json\/wp\/v2\/comments?post=460"}],"version-history":[{"count":1,"href":"https:\/\/valparaisoediciones.es\/noticias\/wp-json\/wp\/v2\/posts\/460\/revisions"}],"predecessor-version":[{"id":461,"href":"https:\/\/valparaisoediciones.es\/noticias\/wp-json\/wp\/v2\/posts\/460\/revisions\/461"}],"wp:attachment":[{"href":"https:\/\/valparaisoediciones.es\/noticias\/wp-json\/wp\/v2\/media?parent=460"}],"wp:term":[{"taxonomy":"category","embeddable":true,"href":"https:\/\/valparaisoediciones.es\/noticias\/wp-json\/wp\/v2\/categories?post=460"},{"taxonomy":"post_tag","embeddable":true,"href":"https:\/\/valparaisoediciones.es\/noticias\/wp-json\/wp\/v2\/tags?post=460"}],"curies":[{"name":"wp","href":"https:\/\/api.w.org\/{rel}","templated":true}]}}