{"id":524,"date":"2014-09-29T17:18:59","date_gmt":"2014-09-29T17:18:59","guid":{"rendered":"http:\/\/valparaisoediciones.es\/noticias\/?p=524"},"modified":"2014-09-29T17:18:59","modified_gmt":"2014-09-29T17:18:59","slug":"nuevos-libros-en-la-coleccion-de-poesia","status":"publish","type":"post","link":"https:\/\/valparaisoediciones.es\/noticias\/2014\/09\/nuevos-libros-en-la-coleccion-de-poesia\/","title":{"rendered":"Nuevos libros en la Colecci\u00f3n de poes\u00eda"},"content":{"rendered":"<p>En estos d\u00edas han aparecido en librer\u00edas de toda Espa\u00f1a y en la web valparaisoediciones.es las novedades que ven\u00edamos anunciando para el mes de septiembre:<\/p>\n<p><strong><em>La estrella invisible<\/em><\/strong>, de Nathalie Handal (Palestina)<\/p>\n<p>Presentaci\u00f3n: Ciclo Poes\u00eda en el Palacio &#8211; Hospes Palacio de Los Patos<\/p>\n<p>Viernes 3 de octubre, 20.00 horas<\/p>\n<p><strong><em>Papel ceniza<\/em><\/strong>, de Trinidad Gan<\/p>\n<p>Presentaci\u00f3n: Biblioteca de Andaluc\u00eda, C\/ Profesor Sainz Cantero. Granada<\/p>\n<p>Martes 7 de octubre, 20.00 horas<\/p>\n<p><strong><em>Esta peque\u00f1a eternidad. Antolog\u00eda<\/em><\/strong>, de Rafael Guill\u00e9n<\/p>\n<p>Presentaci\u00f3n: Ciclo Poes\u00eda en el Palacio &#8211; Hospes Palacio de Los Patos<\/p>\n<p>Martes 14 de octubre, 20.00 horas<\/p>\n<p><strong><em>Lo que aire es<\/em><\/strong>, de Xavier Oquendo (Ecuador)<\/p>\n<p>El autor estar\u00e1 pr\u00f3ximamente en Espa\u00f1a presentando el libro, en fechas que anunciaremos en breve.<\/p>\n","protected":false},"excerpt":{"rendered":"<p>En estos d\u00edas han aparecido en librer\u00edas de toda Espa\u00f1a y en la web valparaisoediciones.es las novedades que ven\u00edamos anunciando para el mes de septiembre: La estrella invisible, de Nathalie Handal (Palestina) Presentaci\u00f3n: Ciclo Poes\u00eda en el Palacio &#8211; Hospes Palacio de Los Patos Viernes 3 de octubre, 20.00 horas Papel ceniza, de Trinidad Gan &hellip; <\/p>\n<p class=\"link-more\"><a href=\"https:\/\/valparaisoediciones.es\/noticias\/2014\/09\/nuevos-libros-en-la-coleccion-de-poesia\/\" class=\"more-link\">Continuar leyendo<span class=\"screen-reader-text\"> \u00abNuevos libros en la Colecci\u00f3n de poes\u00eda\u00bb<\/span><\/a><\/p>\n","protected":false},"author":3,"featured_media":0,"comment_status":"open","ping_status":"open","sticky":false,"template":"","format":"standard","meta":{"footnotes":""},"categories":[1,86],"tags":[61,154,152,151,153,19],"class_list":["post-524","post","type-post","status-publish","format-standard","hentry","category-noticias","category-prensa","tag-gan","tag-guillen","tag-handal","tag-novedades","tag-oquendo","tag-poesia"],"yoast_head":"<!-- This site is optimized with the Yoast SEO plugin v24.7 - https:\/\/yoast.com\/wordpress\/plugins\/seo\/ -->\n<title>Nuevos libros en la Colecci\u00f3n de poes\u00eda - Valparaiso Ediciones<\/title>\n<meta name=\"robots\" content=\"index, follow, max-snippet:-1, max-image-preview:large, max-video-preview:-1\" \/>\n<link rel=\"canonical\" href=\"https:\/\/valparaisoediciones.es\/noticias\/2014\/09\/nuevos-libros-en-la-coleccion-de-poesia\/\" \/>\n<meta property=\"og:locale\" content=\"es_ES\" \/>\n<meta property=\"og:type\" content=\"article\" \/>\n<meta property=\"og:title\" content=\"Nuevos libros en la Colecci\u00f3n de poes\u00eda - Valparaiso Ediciones\" \/>\n<meta property=\"og:description\" content=\"En estos d\u00edas han aparecido en librer\u00edas de toda Espa\u00f1a y en la web valparaisoediciones.es las novedades que ven\u00edamos anunciando para el mes de septiembre: La estrella invisible, de Nathalie Handal (Palestina) Presentaci\u00f3n: Ciclo Poes\u00eda en el Palacio &#8211; Hospes Palacio de Los Patos Viernes 3 de octubre, 20.00 horas Papel ceniza, de Trinidad Gan &hellip; Continuar leyendo &quot;Nuevos libros en la Colecci\u00f3n de poes\u00eda&quot;\" \/>\n<meta property=\"og:url\" content=\"https:\/\/valparaisoediciones.es\/noticias\/2014\/09\/nuevos-libros-en-la-coleccion-de-poesia\/\" \/>\n<meta property=\"og:site_name\" content=\"Valparaiso Ediciones\" \/>\n<meta property=\"article:publisher\" content=\"https:\/\/www.facebook.com\/valparaiso.ediciones\" \/>\n<meta property=\"article:published_time\" content=\"2014-09-29T17:18:59+00:00\" \/>\n<meta name=\"author\" content=\"Administrador\" \/>\n<meta name=\"twitter:card\" content=\"summary_large_image\" \/>\n<meta name=\"twitter:creator\" content=\"@ValparaisoEd\" \/>\n<meta name=\"twitter:site\" content=\"@ValparaisoEd\" \/>\n<meta name=\"twitter:label1\" content=\"Escrito por\" \/>\n\t<meta name=\"twitter:data1\" content=\"Administrador\" \/>\n\t<meta name=\"twitter:label2\" content=\"Tiempo de lectura\" \/>\n\t<meta name=\"twitter:data2\" content=\"1 minuto\" \/>\n<script type=\"application\/ld+json\" class=\"yoast-schema-graph\">{\"@context\":\"https:\/\/schema.org\",\"@graph\":[{\"@type\":\"Article\",\"@id\":\"https:\/\/valparaisoediciones.es\/noticias\/2014\/09\/nuevos-libros-en-la-coleccion-de-poesia\/#article\",\"isPartOf\":{\"@id\":\"https:\/\/valparaisoediciones.es\/noticias\/2014\/09\/nuevos-libros-en-la-coleccion-de-poesia\/\"},\"author\":{\"name\":\"Administrador\",\"@id\":\"https:\/\/valparaisoediciones.es\/noticias\/#\/schema\/person\/a23eb8fd06a3539c8ffe2230e32817f1\"},\"headline\":\"Nuevos libros en la Colecci\u00f3n de poes\u00eda\",\"datePublished\":\"2014-09-29T17:18:59+00:00\",\"mainEntityOfPage\":{\"@id\":\"https:\/\/valparaisoediciones.es\/noticias\/2014\/09\/nuevos-libros-en-la-coleccion-de-poesia\/\"},\"wordCount\":137,\"commentCount\":0,\"publisher\":{\"@id\":\"https:\/\/valparaisoediciones.es\/noticias\/#organization\"},\"keywords\":[\"gan\",\"Guill\u00e9n\",\"Handal\",\"novedades\",\"Oquendo\",\"poes\u00eda\"],\"articleSection\":[\"Noticias\",\"Prensa\"],\"inLanguage\":\"es\",\"potentialAction\":[{\"@type\":\"CommentAction\",\"name\":\"Comment\",\"target\":[\"https:\/\/valparaisoediciones.es\/noticias\/2014\/09\/nuevos-libros-en-la-coleccion-de-poesia\/#respond\"]}]},{\"@type\":\"WebPage\",\"@id\":\"https:\/\/valparaisoediciones.es\/noticias\/2014\/09\/nuevos-libros-en-la-coleccion-de-poesia\/\",\"url\":\"https:\/\/valparaisoediciones.es\/noticias\/2014\/09\/nuevos-libros-en-la-coleccion-de-poesia\/\",\"name\":\"Nuevos libros en la Colecci\u00f3n de poes\u00eda - Valparaiso Ediciones\",\"isPartOf\":{\"@id\":\"https:\/\/valparaisoediciones.es\/noticias\/#website\"},\"datePublished\":\"2014-09-29T17:18:59+00:00\",\"breadcrumb\":{\"@id\":\"https:\/\/valparaisoediciones.es\/noticias\/2014\/09\/nuevos-libros-en-la-coleccion-de-poesia\/#breadcrumb\"},\"inLanguage\":\"es\",\"potentialAction\":[{\"@type\":\"ReadAction\",\"target\":[\"https:\/\/valparaisoediciones.es\/noticias\/2014\/09\/nuevos-libros-en-la-coleccion-de-poesia\/\"]}]},{\"@type\":\"BreadcrumbList\",\"@id\":\"https:\/\/valparaisoediciones.es\/noticias\/2014\/09\/nuevos-libros-en-la-coleccion-de-poesia\/#breadcrumb\",\"itemListElement\":[{\"@type\":\"ListItem\",\"position\":1,\"name\":\"Portada\",\"item\":\"https:\/\/valparaisoediciones.es\/noticias\/\"},{\"@type\":\"ListItem\",\"position\":2,\"name\":\"Nuevos libros en la Colecci\u00f3n de poes\u00eda\"}]},{\"@type\":\"WebSite\",\"@id\":\"https:\/\/valparaisoediciones.es\/noticias\/#website\",\"url\":\"https:\/\/valparaisoediciones.es\/noticias\/\",\"name\":\"Valparaiso Ediciones\",\"description\":\"Noticias\",\"publisher\":{\"@id\":\"https:\/\/valparaisoediciones.es\/noticias\/#organization\"},\"potentialAction\":[{\"@type\":\"SearchAction\",\"target\":{\"@type\":\"EntryPoint\",\"urlTemplate\":\"https:\/\/valparaisoediciones.es\/noticias\/?s={search_term_string}\"},\"query-input\":{\"@type\":\"PropertyValueSpecification\",\"valueRequired\":true,\"valueName\":\"search_term_string\"}}],\"inLanguage\":\"es\"},{\"@type\":\"Organization\",\"@id\":\"https:\/\/valparaisoediciones.es\/noticias\/#organization\",\"name\":\"Valpara\u00edso Ediciones\",\"url\":\"https:\/\/valparaisoediciones.es\/noticias\/\",\"logo\":{\"@type\":\"ImageObject\",\"inLanguage\":\"es\",\"@id\":\"https:\/\/valparaisoediciones.es\/noticias\/#\/schema\/logo\/image\/\",\"url\":\"http:\/\/valparaisoediciones.es\/noticias\/wp-content\/uploads\/2012\/12\/logo.png\",\"contentUrl\":\"http:\/\/valparaisoediciones.es\/noticias\/wp-content\/uploads\/2012\/12\/logo.png\",\"width\":320,\"height\":121,\"caption\":\"Valpara\u00edso Ediciones\"},\"image\":{\"@id\":\"https:\/\/valparaisoediciones.es\/noticias\/#\/schema\/logo\/image\/\"},\"sameAs\":[\"https:\/\/www.facebook.com\/valparaiso.ediciones\",\"https:\/\/x.com\/ValparaisoEd\"]},{\"@type\":\"Person\",\"@id\":\"https:\/\/valparaisoediciones.es\/noticias\/#\/schema\/person\/a23eb8fd06a3539c8ffe2230e32817f1\",\"name\":\"Administrador\",\"image\":{\"@type\":\"ImageObject\",\"inLanguage\":\"es\",\"@id\":\"https:\/\/valparaisoediciones.es\/noticias\/#\/schema\/person\/image\/\",\"url\":\"https:\/\/secure.gravatar.com\/avatar\/7bca4ba132c9cf6584007b282c38c7c3c01797d94c033ae2f6efa9a85b829dcd?s=96&d=blank&r=g\",\"contentUrl\":\"https:\/\/secure.gravatar.com\/avatar\/7bca4ba132c9cf6584007b282c38c7c3c01797d94c033ae2f6efa9a85b829dcd?s=96&d=blank&r=g\",\"caption\":\"Administrador\"},\"sameAs\":[\"http:\/\/valparaisoediciones.es\"],\"url\":\"https:\/\/valparaisoediciones.es\/noticias\/author\/administrador\/\"}]}<\/script>\n<!-- \/ Yoast SEO plugin. -->","yoast_head_json":{"title":"Nuevos libros en la Colecci\u00f3n de poes\u00eda - Valparaiso Ediciones","robots":{"index":"index","follow":"follow","max-snippet":"max-snippet:-1","max-image-preview":"max-image-preview:large","max-video-preview":"max-video-preview:-1"},"canonical":"https:\/\/valparaisoediciones.es\/noticias\/2014\/09\/nuevos-libros-en-la-coleccion-de-poesia\/","og_locale":"es_ES","og_type":"article","og_title":"Nuevos libros en la Colecci\u00f3n de poes\u00eda - Valparaiso Ediciones","og_description":"En estos d\u00edas han aparecido en librer\u00edas de toda Espa\u00f1a y en la web valparaisoediciones.es las novedades que ven\u00edamos anunciando para el mes de septiembre: La estrella invisible, de Nathalie Handal (Palestina) Presentaci\u00f3n: Ciclo Poes\u00eda en el Palacio &#8211; Hospes Palacio de Los Patos Viernes 3 de octubre, 20.00 horas Papel ceniza, de Trinidad Gan &hellip; Continuar leyendo \"Nuevos libros en la Colecci\u00f3n de poes\u00eda\"","og_url":"https:\/\/valparaisoediciones.es\/noticias\/2014\/09\/nuevos-libros-en-la-coleccion-de-poesia\/","og_site_name":"Valparaiso Ediciones","article_publisher":"https:\/\/www.facebook.com\/valparaiso.ediciones","article_published_time":"2014-09-29T17:18:59+00:00","author":"Administrador","twitter_card":"summary_large_image","twitter_creator":"@ValparaisoEd","twitter_site":"@ValparaisoEd","twitter_misc":{"Escrito por":"Administrador","Tiempo de lectura":"1 minuto"},"schema":{"@context":"https:\/\/schema.org","@graph":[{"@type":"Article","@id":"https:\/\/valparaisoediciones.es\/noticias\/2014\/09\/nuevos-libros-en-la-coleccion-de-poesia\/#article","isPartOf":{"@id":"https:\/\/valparaisoediciones.es\/noticias\/2014\/09\/nuevos-libros-en-la-coleccion-de-poesia\/"},"author":{"name":"Administrador","@id":"https:\/\/valparaisoediciones.es\/noticias\/#\/schema\/person\/a23eb8fd06a3539c8ffe2230e32817f1"},"headline":"Nuevos libros en la Colecci\u00f3n de poes\u00eda","datePublished":"2014-09-29T17:18:59+00:00","mainEntityOfPage":{"@id":"https:\/\/valparaisoediciones.es\/noticias\/2014\/09\/nuevos-libros-en-la-coleccion-de-poesia\/"},"wordCount":137,"commentCount":0,"publisher":{"@id":"https:\/\/valparaisoediciones.es\/noticias\/#organization"},"keywords":["gan","Guill\u00e9n","Handal","novedades","Oquendo","poes\u00eda"],"articleSection":["Noticias","Prensa"],"inLanguage":"es","potentialAction":[{"@type":"CommentAction","name":"Comment","target":["https:\/\/valparaisoediciones.es\/noticias\/2014\/09\/nuevos-libros-en-la-coleccion-de-poesia\/#respond"]}]},{"@type":"WebPage","@id":"https:\/\/valparaisoediciones.es\/noticias\/2014\/09\/nuevos-libros-en-la-coleccion-de-poesia\/","url":"https:\/\/valparaisoediciones.es\/noticias\/2014\/09\/nuevos-libros-en-la-coleccion-de-poesia\/","name":"Nuevos libros en la Colecci\u00f3n de poes\u00eda - Valparaiso Ediciones","isPartOf":{"@id":"https:\/\/valparaisoediciones.es\/noticias\/#website"},"datePublished":"2014-09-29T17:18:59+00:00","breadcrumb":{"@id":"https:\/\/valparaisoediciones.es\/noticias\/2014\/09\/nuevos-libros-en-la-coleccion-de-poesia\/#breadcrumb"},"inLanguage":"es","potentialAction":[{"@type":"ReadAction","target":["https:\/\/valparaisoediciones.es\/noticias\/2014\/09\/nuevos-libros-en-la-coleccion-de-poesia\/"]}]},{"@type":"BreadcrumbList","@id":"https:\/\/valparaisoediciones.es\/noticias\/2014\/09\/nuevos-libros-en-la-coleccion-de-poesia\/#breadcrumb","itemListElement":[{"@type":"ListItem","position":1,"name":"Portada","item":"https:\/\/valparaisoediciones.es\/noticias\/"},{"@type":"ListItem","position":2,"name":"Nuevos libros en la Colecci\u00f3n de poes\u00eda"}]},{"@type":"WebSite","@id":"https:\/\/valparaisoediciones.es\/noticias\/#website","url":"https:\/\/valparaisoediciones.es\/noticias\/","name":"Valparaiso Ediciones","description":"Noticias","publisher":{"@id":"https:\/\/valparaisoediciones.es\/noticias\/#organization"},"potentialAction":[{"@type":"SearchAction","target":{"@type":"EntryPoint","urlTemplate":"https:\/\/valparaisoediciones.es\/noticias\/?s={search_term_string}"},"query-input":{"@type":"PropertyValueSpecification","valueRequired":true,"valueName":"search_term_string"}}],"inLanguage":"es"},{"@type":"Organization","@id":"https:\/\/valparaisoediciones.es\/noticias\/#organization","name":"Valpara\u00edso Ediciones","url":"https:\/\/valparaisoediciones.es\/noticias\/","logo":{"@type":"ImageObject","inLanguage":"es","@id":"https:\/\/valparaisoediciones.es\/noticias\/#\/schema\/logo\/image\/","url":"http:\/\/valparaisoediciones.es\/noticias\/wp-content\/uploads\/2012\/12\/logo.png","contentUrl":"http:\/\/valparaisoediciones.es\/noticias\/wp-content\/uploads\/2012\/12\/logo.png","width":320,"height":121,"caption":"Valpara\u00edso Ediciones"},"image":{"@id":"https:\/\/valparaisoediciones.es\/noticias\/#\/schema\/logo\/image\/"},"sameAs":["https:\/\/www.facebook.com\/valparaiso.ediciones","https:\/\/x.com\/ValparaisoEd"]},{"@type":"Person","@id":"https:\/\/valparaisoediciones.es\/noticias\/#\/schema\/person\/a23eb8fd06a3539c8ffe2230e32817f1","name":"Administrador","image":{"@type":"ImageObject","inLanguage":"es","@id":"https:\/\/valparaisoediciones.es\/noticias\/#\/schema\/person\/image\/","url":"https:\/\/secure.gravatar.com\/avatar\/7bca4ba132c9cf6584007b282c38c7c3c01797d94c033ae2f6efa9a85b829dcd?s=96&d=blank&r=g","contentUrl":"https:\/\/secure.gravatar.com\/avatar\/7bca4ba132c9cf6584007b282c38c7c3c01797d94c033ae2f6efa9a85b829dcd?s=96&d=blank&r=g","caption":"Administrador"},"sameAs":["http:\/\/valparaisoediciones.es"],"url":"https:\/\/valparaisoediciones.es\/noticias\/author\/administrador\/"}]}},"_links":{"self":[{"href":"https:\/\/valparaisoediciones.es\/noticias\/wp-json\/wp\/v2\/posts\/524","targetHints":{"allow":["GET"]}}],"collection":[{"href":"https:\/\/valparaisoediciones.es\/noticias\/wp-json\/wp\/v2\/posts"}],"about":[{"href":"https:\/\/valparaisoediciones.es\/noticias\/wp-json\/wp\/v2\/types\/post"}],"author":[{"embeddable":true,"href":"https:\/\/valparaisoediciones.es\/noticias\/wp-json\/wp\/v2\/users\/3"}],"replies":[{"embeddable":true,"href":"https:\/\/valparaisoediciones.es\/noticias\/wp-json\/wp\/v2\/comments?post=524"}],"version-history":[{"count":1,"href":"https:\/\/valparaisoediciones.es\/noticias\/wp-json\/wp\/v2\/posts\/524\/revisions"}],"predecessor-version":[{"id":525,"href":"https:\/\/valparaisoediciones.es\/noticias\/wp-json\/wp\/v2\/posts\/524\/revisions\/525"}],"wp:attachment":[{"href":"https:\/\/valparaisoediciones.es\/noticias\/wp-json\/wp\/v2\/media?parent=524"}],"wp:term":[{"taxonomy":"category","embeddable":true,"href":"https:\/\/valparaisoediciones.es\/noticias\/wp-json\/wp\/v2\/categories?post=524"},{"taxonomy":"post_tag","embeddable":true,"href":"https:\/\/valparaisoediciones.es\/noticias\/wp-json\/wp\/v2\/tags?post=524"}],"curies":[{"name":"wp","href":"https:\/\/api.w.org\/{rel}","templated":true}]}}