{"id":528,"date":"2014-10-04T10:15:03","date_gmt":"2014-10-04T10:15:03","guid":{"rendered":"http:\/\/valparaisoediciones.es\/noticias\/?p=528"},"modified":"2014-10-04T10:15:03","modified_gmt":"2014-10-04T10:15:03","slug":"la-cama-pintada-de-donald-hall-resenada-por-santos-dominguez","status":"publish","type":"post","link":"https:\/\/valparaisoediciones.es\/noticias\/2014\/10\/la-cama-pintada-de-donald-hall-resenada-por-santos-dominguez\/","title":{"rendered":"La cama pintada, de Donald Hall, rese\u00f1ada por Santos Dom\u00ednguez"},"content":{"rendered":"<p>Os dejamos <a href=\"http:\/\/encuentrosconlasletras.blogspot.com.es\/2014\/10\/donald-hall-la-cama-pintada.html\">aqu\u00ed el enlace<\/a> a la rese\u00f1a que ha escrito Santos Dom\u00ednguez sobre el poemario La cama pintada, de Donald Hall, traducido por Juan Jos\u00e9 V\u00e9lez Otero y publicado por Valpara\u00edso Ediciones.<\/p>\n","protected":false},"excerpt":{"rendered":"<p>Os dejamos aqu\u00ed el enlace a la rese\u00f1a que ha escrito Santos Dom\u00ednguez sobre el poemario La cama pintada, de Donald Hall, traducido por Juan Jos\u00e9 V\u00e9lez Otero y publicado por Valpara\u00edso Ediciones.<\/p>\n","protected":false},"author":3,"featured_media":0,"comment_status":"open","ping_status":"open","sticky":false,"template":"","format":"standard","meta":{"footnotes":""},"categories":[12],"tags":[135,157,158,159,136,134],"class_list":["post-528","post","type-post","status-publish","format-standard","hentry","category-resenas","tag-cama","tag-donald","tag-hall","tag-juan-jose","tag-pintada","tag-velez"],"yoast_head":"<!-- This site is optimized with the Yoast SEO plugin v24.7 - https:\/\/yoast.com\/wordpress\/plugins\/seo\/ -->\n<title>La cama pintada, de Donald Hall, rese\u00f1ada por Santos Dom\u00ednguez - Valparaiso Ediciones<\/title>\n<meta name=\"robots\" content=\"index, follow, max-snippet:-1, max-image-preview:large, max-video-preview:-1\" \/>\n<link rel=\"canonical\" href=\"https:\/\/valparaisoediciones.es\/noticias\/2014\/10\/la-cama-pintada-de-donald-hall-resenada-por-santos-dominguez\/\" \/>\n<meta property=\"og:locale\" content=\"es_ES\" \/>\n<meta property=\"og:type\" content=\"article\" \/>\n<meta property=\"og:title\" content=\"La cama pintada, de Donald Hall, rese\u00f1ada por Santos Dom\u00ednguez - Valparaiso Ediciones\" \/>\n<meta property=\"og:description\" content=\"Os dejamos aqu\u00ed el enlace a la rese\u00f1a que ha escrito Santos Dom\u00ednguez sobre el poemario La cama pintada, de Donald Hall, traducido por Juan Jos\u00e9 V\u00e9lez Otero y publicado por Valpara\u00edso Ediciones.\" \/>\n<meta property=\"og:url\" content=\"https:\/\/valparaisoediciones.es\/noticias\/2014\/10\/la-cama-pintada-de-donald-hall-resenada-por-santos-dominguez\/\" \/>\n<meta property=\"og:site_name\" content=\"Valparaiso Ediciones\" \/>\n<meta property=\"article:publisher\" content=\"https:\/\/www.facebook.com\/valparaiso.ediciones\" \/>\n<meta property=\"article:published_time\" content=\"2014-10-04T10:15:03+00:00\" \/>\n<meta name=\"author\" content=\"Administrador\" \/>\n<meta name=\"twitter:card\" content=\"summary_large_image\" \/>\n<meta name=\"twitter:creator\" content=\"@ValparaisoEd\" \/>\n<meta name=\"twitter:site\" content=\"@ValparaisoEd\" \/>\n<meta name=\"twitter:label1\" content=\"Escrito por\" \/>\n\t<meta name=\"twitter:data1\" content=\"Administrador\" \/>\n<script type=\"application\/ld+json\" class=\"yoast-schema-graph\">{\"@context\":\"https:\/\/schema.org\",\"@graph\":[{\"@type\":\"Article\",\"@id\":\"https:\/\/valparaisoediciones.es\/noticias\/2014\/10\/la-cama-pintada-de-donald-hall-resenada-por-santos-dominguez\/#article\",\"isPartOf\":{\"@id\":\"https:\/\/valparaisoediciones.es\/noticias\/2014\/10\/la-cama-pintada-de-donald-hall-resenada-por-santos-dominguez\/\"},\"author\":{\"name\":\"Administrador\",\"@id\":\"https:\/\/valparaisoediciones.es\/noticias\/#\/schema\/person\/a23eb8fd06a3539c8ffe2230e32817f1\"},\"headline\":\"La cama pintada, de Donald Hall, rese\u00f1ada por Santos Dom\u00ednguez\",\"datePublished\":\"2014-10-04T10:15:03+00:00\",\"mainEntityOfPage\":{\"@id\":\"https:\/\/valparaisoediciones.es\/noticias\/2014\/10\/la-cama-pintada-de-donald-hall-resenada-por-santos-dominguez\/\"},\"wordCount\":49,\"commentCount\":0,\"publisher\":{\"@id\":\"https:\/\/valparaisoediciones.es\/noticias\/#organization\"},\"keywords\":[\"cama\",\"donald\",\"hall\",\"juan jos\u00e9\",\"pintada\",\"velez\"],\"articleSection\":[\"Rese\u00f1as\"],\"inLanguage\":\"es\",\"potentialAction\":[{\"@type\":\"CommentAction\",\"name\":\"Comment\",\"target\":[\"https:\/\/valparaisoediciones.es\/noticias\/2014\/10\/la-cama-pintada-de-donald-hall-resenada-por-santos-dominguez\/#respond\"]}]},{\"@type\":\"WebPage\",\"@id\":\"https:\/\/valparaisoediciones.es\/noticias\/2014\/10\/la-cama-pintada-de-donald-hall-resenada-por-santos-dominguez\/\",\"url\":\"https:\/\/valparaisoediciones.es\/noticias\/2014\/10\/la-cama-pintada-de-donald-hall-resenada-por-santos-dominguez\/\",\"name\":\"La cama pintada, de Donald Hall, rese\u00f1ada por Santos Dom\u00ednguez - Valparaiso Ediciones\",\"isPartOf\":{\"@id\":\"https:\/\/valparaisoediciones.es\/noticias\/#website\"},\"datePublished\":\"2014-10-04T10:15:03+00:00\",\"breadcrumb\":{\"@id\":\"https:\/\/valparaisoediciones.es\/noticias\/2014\/10\/la-cama-pintada-de-donald-hall-resenada-por-santos-dominguez\/#breadcrumb\"},\"inLanguage\":\"es\",\"potentialAction\":[{\"@type\":\"ReadAction\",\"target\":[\"https:\/\/valparaisoediciones.es\/noticias\/2014\/10\/la-cama-pintada-de-donald-hall-resenada-por-santos-dominguez\/\"]}]},{\"@type\":\"BreadcrumbList\",\"@id\":\"https:\/\/valparaisoediciones.es\/noticias\/2014\/10\/la-cama-pintada-de-donald-hall-resenada-por-santos-dominguez\/#breadcrumb\",\"itemListElement\":[{\"@type\":\"ListItem\",\"position\":1,\"name\":\"Portada\",\"item\":\"https:\/\/valparaisoediciones.es\/noticias\/\"},{\"@type\":\"ListItem\",\"position\":2,\"name\":\"La cama pintada, de Donald Hall, rese\u00f1ada por Santos Dom\u00ednguez\"}]},{\"@type\":\"WebSite\",\"@id\":\"https:\/\/valparaisoediciones.es\/noticias\/#website\",\"url\":\"https:\/\/valparaisoediciones.es\/noticias\/\",\"name\":\"Valparaiso Ediciones\",\"description\":\"Noticias\",\"publisher\":{\"@id\":\"https:\/\/valparaisoediciones.es\/noticias\/#organization\"},\"potentialAction\":[{\"@type\":\"SearchAction\",\"target\":{\"@type\":\"EntryPoint\",\"urlTemplate\":\"https:\/\/valparaisoediciones.es\/noticias\/?s={search_term_string}\"},\"query-input\":{\"@type\":\"PropertyValueSpecification\",\"valueRequired\":true,\"valueName\":\"search_term_string\"}}],\"inLanguage\":\"es\"},{\"@type\":\"Organization\",\"@id\":\"https:\/\/valparaisoediciones.es\/noticias\/#organization\",\"name\":\"Valpara\u00edso Ediciones\",\"url\":\"https:\/\/valparaisoediciones.es\/noticias\/\",\"logo\":{\"@type\":\"ImageObject\",\"inLanguage\":\"es\",\"@id\":\"https:\/\/valparaisoediciones.es\/noticias\/#\/schema\/logo\/image\/\",\"url\":\"http:\/\/valparaisoediciones.es\/noticias\/wp-content\/uploads\/2012\/12\/logo.png\",\"contentUrl\":\"http:\/\/valparaisoediciones.es\/noticias\/wp-content\/uploads\/2012\/12\/logo.png\",\"width\":320,\"height\":121,\"caption\":\"Valpara\u00edso Ediciones\"},\"image\":{\"@id\":\"https:\/\/valparaisoediciones.es\/noticias\/#\/schema\/logo\/image\/\"},\"sameAs\":[\"https:\/\/www.facebook.com\/valparaiso.ediciones\",\"https:\/\/x.com\/ValparaisoEd\"]},{\"@type\":\"Person\",\"@id\":\"https:\/\/valparaisoediciones.es\/noticias\/#\/schema\/person\/a23eb8fd06a3539c8ffe2230e32817f1\",\"name\":\"Administrador\",\"image\":{\"@type\":\"ImageObject\",\"inLanguage\":\"es\",\"@id\":\"https:\/\/valparaisoediciones.es\/noticias\/#\/schema\/person\/image\/\",\"url\":\"https:\/\/secure.gravatar.com\/avatar\/7bca4ba132c9cf6584007b282c38c7c3c01797d94c033ae2f6efa9a85b829dcd?s=96&d=blank&r=g\",\"contentUrl\":\"https:\/\/secure.gravatar.com\/avatar\/7bca4ba132c9cf6584007b282c38c7c3c01797d94c033ae2f6efa9a85b829dcd?s=96&d=blank&r=g\",\"caption\":\"Administrador\"},\"sameAs\":[\"http:\/\/valparaisoediciones.es\"],\"url\":\"https:\/\/valparaisoediciones.es\/noticias\/author\/administrador\/\"}]}<\/script>\n<!-- \/ Yoast SEO plugin. -->","yoast_head_json":{"title":"La cama pintada, de Donald Hall, rese\u00f1ada por Santos Dom\u00ednguez - Valparaiso Ediciones","robots":{"index":"index","follow":"follow","max-snippet":"max-snippet:-1","max-image-preview":"max-image-preview:large","max-video-preview":"max-video-preview:-1"},"canonical":"https:\/\/valparaisoediciones.es\/noticias\/2014\/10\/la-cama-pintada-de-donald-hall-resenada-por-santos-dominguez\/","og_locale":"es_ES","og_type":"article","og_title":"La cama pintada, de Donald Hall, rese\u00f1ada por Santos Dom\u00ednguez - Valparaiso Ediciones","og_description":"Os dejamos aqu\u00ed el enlace a la rese\u00f1a que ha escrito Santos Dom\u00ednguez sobre el poemario La cama pintada, de Donald Hall, traducido por Juan Jos\u00e9 V\u00e9lez Otero y publicado por Valpara\u00edso Ediciones.","og_url":"https:\/\/valparaisoediciones.es\/noticias\/2014\/10\/la-cama-pintada-de-donald-hall-resenada-por-santos-dominguez\/","og_site_name":"Valparaiso Ediciones","article_publisher":"https:\/\/www.facebook.com\/valparaiso.ediciones","article_published_time":"2014-10-04T10:15:03+00:00","author":"Administrador","twitter_card":"summary_large_image","twitter_creator":"@ValparaisoEd","twitter_site":"@ValparaisoEd","twitter_misc":{"Escrito por":"Administrador"},"schema":{"@context":"https:\/\/schema.org","@graph":[{"@type":"Article","@id":"https:\/\/valparaisoediciones.es\/noticias\/2014\/10\/la-cama-pintada-de-donald-hall-resenada-por-santos-dominguez\/#article","isPartOf":{"@id":"https:\/\/valparaisoediciones.es\/noticias\/2014\/10\/la-cama-pintada-de-donald-hall-resenada-por-santos-dominguez\/"},"author":{"name":"Administrador","@id":"https:\/\/valparaisoediciones.es\/noticias\/#\/schema\/person\/a23eb8fd06a3539c8ffe2230e32817f1"},"headline":"La cama pintada, de Donald Hall, rese\u00f1ada por Santos Dom\u00ednguez","datePublished":"2014-10-04T10:15:03+00:00","mainEntityOfPage":{"@id":"https:\/\/valparaisoediciones.es\/noticias\/2014\/10\/la-cama-pintada-de-donald-hall-resenada-por-santos-dominguez\/"},"wordCount":49,"commentCount":0,"publisher":{"@id":"https:\/\/valparaisoediciones.es\/noticias\/#organization"},"keywords":["cama","donald","hall","juan jos\u00e9","pintada","velez"],"articleSection":["Rese\u00f1as"],"inLanguage":"es","potentialAction":[{"@type":"CommentAction","name":"Comment","target":["https:\/\/valparaisoediciones.es\/noticias\/2014\/10\/la-cama-pintada-de-donald-hall-resenada-por-santos-dominguez\/#respond"]}]},{"@type":"WebPage","@id":"https:\/\/valparaisoediciones.es\/noticias\/2014\/10\/la-cama-pintada-de-donald-hall-resenada-por-santos-dominguez\/","url":"https:\/\/valparaisoediciones.es\/noticias\/2014\/10\/la-cama-pintada-de-donald-hall-resenada-por-santos-dominguez\/","name":"La cama pintada, de Donald Hall, rese\u00f1ada por Santos Dom\u00ednguez - Valparaiso Ediciones","isPartOf":{"@id":"https:\/\/valparaisoediciones.es\/noticias\/#website"},"datePublished":"2014-10-04T10:15:03+00:00","breadcrumb":{"@id":"https:\/\/valparaisoediciones.es\/noticias\/2014\/10\/la-cama-pintada-de-donald-hall-resenada-por-santos-dominguez\/#breadcrumb"},"inLanguage":"es","potentialAction":[{"@type":"ReadAction","target":["https:\/\/valparaisoediciones.es\/noticias\/2014\/10\/la-cama-pintada-de-donald-hall-resenada-por-santos-dominguez\/"]}]},{"@type":"BreadcrumbList","@id":"https:\/\/valparaisoediciones.es\/noticias\/2014\/10\/la-cama-pintada-de-donald-hall-resenada-por-santos-dominguez\/#breadcrumb","itemListElement":[{"@type":"ListItem","position":1,"name":"Portada","item":"https:\/\/valparaisoediciones.es\/noticias\/"},{"@type":"ListItem","position":2,"name":"La cama pintada, de Donald Hall, rese\u00f1ada por Santos Dom\u00ednguez"}]},{"@type":"WebSite","@id":"https:\/\/valparaisoediciones.es\/noticias\/#website","url":"https:\/\/valparaisoediciones.es\/noticias\/","name":"Valparaiso Ediciones","description":"Noticias","publisher":{"@id":"https:\/\/valparaisoediciones.es\/noticias\/#organization"},"potentialAction":[{"@type":"SearchAction","target":{"@type":"EntryPoint","urlTemplate":"https:\/\/valparaisoediciones.es\/noticias\/?s={search_term_string}"},"query-input":{"@type":"PropertyValueSpecification","valueRequired":true,"valueName":"search_term_string"}}],"inLanguage":"es"},{"@type":"Organization","@id":"https:\/\/valparaisoediciones.es\/noticias\/#organization","name":"Valpara\u00edso Ediciones","url":"https:\/\/valparaisoediciones.es\/noticias\/","logo":{"@type":"ImageObject","inLanguage":"es","@id":"https:\/\/valparaisoediciones.es\/noticias\/#\/schema\/logo\/image\/","url":"http:\/\/valparaisoediciones.es\/noticias\/wp-content\/uploads\/2012\/12\/logo.png","contentUrl":"http:\/\/valparaisoediciones.es\/noticias\/wp-content\/uploads\/2012\/12\/logo.png","width":320,"height":121,"caption":"Valpara\u00edso Ediciones"},"image":{"@id":"https:\/\/valparaisoediciones.es\/noticias\/#\/schema\/logo\/image\/"},"sameAs":["https:\/\/www.facebook.com\/valparaiso.ediciones","https:\/\/x.com\/ValparaisoEd"]},{"@type":"Person","@id":"https:\/\/valparaisoediciones.es\/noticias\/#\/schema\/person\/a23eb8fd06a3539c8ffe2230e32817f1","name":"Administrador","image":{"@type":"ImageObject","inLanguage":"es","@id":"https:\/\/valparaisoediciones.es\/noticias\/#\/schema\/person\/image\/","url":"https:\/\/secure.gravatar.com\/avatar\/7bca4ba132c9cf6584007b282c38c7c3c01797d94c033ae2f6efa9a85b829dcd?s=96&d=blank&r=g","contentUrl":"https:\/\/secure.gravatar.com\/avatar\/7bca4ba132c9cf6584007b282c38c7c3c01797d94c033ae2f6efa9a85b829dcd?s=96&d=blank&r=g","caption":"Administrador"},"sameAs":["http:\/\/valparaisoediciones.es"],"url":"https:\/\/valparaisoediciones.es\/noticias\/author\/administrador\/"}]}},"_links":{"self":[{"href":"https:\/\/valparaisoediciones.es\/noticias\/wp-json\/wp\/v2\/posts\/528","targetHints":{"allow":["GET"]}}],"collection":[{"href":"https:\/\/valparaisoediciones.es\/noticias\/wp-json\/wp\/v2\/posts"}],"about":[{"href":"https:\/\/valparaisoediciones.es\/noticias\/wp-json\/wp\/v2\/types\/post"}],"author":[{"embeddable":true,"href":"https:\/\/valparaisoediciones.es\/noticias\/wp-json\/wp\/v2\/users\/3"}],"replies":[{"embeddable":true,"href":"https:\/\/valparaisoediciones.es\/noticias\/wp-json\/wp\/v2\/comments?post=528"}],"version-history":[{"count":1,"href":"https:\/\/valparaisoediciones.es\/noticias\/wp-json\/wp\/v2\/posts\/528\/revisions"}],"predecessor-version":[{"id":529,"href":"https:\/\/valparaisoediciones.es\/noticias\/wp-json\/wp\/v2\/posts\/528\/revisions\/529"}],"wp:attachment":[{"href":"https:\/\/valparaisoediciones.es\/noticias\/wp-json\/wp\/v2\/media?parent=528"}],"wp:term":[{"taxonomy":"category","embeddable":true,"href":"https:\/\/valparaisoediciones.es\/noticias\/wp-json\/wp\/v2\/categories?post=528"},{"taxonomy":"post_tag","embeddable":true,"href":"https:\/\/valparaisoediciones.es\/noticias\/wp-json\/wp\/v2\/tags?post=528"}],"curies":[{"name":"wp","href":"https:\/\/api.w.org\/{rel}","templated":true}]}}