{"id":599,"date":"2015-05-12T07:03:36","date_gmt":"2015-05-12T07:03:36","guid":{"rendered":"http:\/\/valparaisoediciones.es\/noticias\/?p=599"},"modified":"2015-05-12T07:03:36","modified_gmt":"2015-05-12T07:03:36","slug":"la-sangre-de-andres-garcia-cerdan-por-trinidad-gan","status":"publish","type":"post","link":"https:\/\/valparaisoediciones.es\/noticias\/2015\/05\/la-sangre-de-andres-garcia-cerdan-por-trinidad-gan\/","title":{"rendered":"La sangre, de Andr\u00e9s Garc\u00eda Cerd\u00e1n, por Trinidad Gan"},"content":{"rendered":"<p>Rese\u00f1a escrita por Trinidad Gan sobre el poemario La sangre, de Andr\u00e9s Garc\u00eda Cerd\u00e1n, II Premio Internacional de poes\u00eda Ciudad de Almu\u00f1\u00e9car.<\/p>\n<p>ESE \u00c1RBOL DE SANGRE QUE SOMOS Por Trinidad Gan La sangre Andr\u00e9s Garc\u00eda Cerd\u00e1n Valpara\u00edso Ediciones, 2015 II Premio Internacional de poes\u00eda Ciudad de Almu\u00f1\u00e9car (Granada) En la duermevela del largo viaje en autob\u00fas del que regreso, me persigue desde el fondo del sue\u00f1o la imagen de un \u00e1rbol. Un \u00e1rbol de m\u00faltiples troncos en cuyo interior, oculto, va creciendo un libro. Y pienso que ese \u00e1rbol es met\u00e1fora del entramado de ramas que nos va creciendo alrededor durante la vida, como las vueltas de cris\u00e1lida en que se encierra toda metamorfosis, hasta crear una oscuridad sobre nosotros de la que ignoramos muchas veces que va a estallar en luz. Y en el sue\u00f1o la punta de un bol\u00edgrafo va trazando surcos y surcos en la madera, agrietando su superficie y dejando escapar una savia que, con distinta velocidad y torrente, se derrama cuarteando con su fuerza el gastado \u00e1rbol que \u00e9ramos para despu\u00e9s alzar el nuevo \u00e1rbol-libro de cada uno, justo desde el centro de un charco que recoge la savia-sangre del antiguo. Sirva este peque\u00f1o cuento on\u00edrico para ilustrar la impresi\u00f3n que ha dejado en m\u00ed este libro de Andr\u00e9s Garc\u00eda Cerd\u00e1n. Sus p\u00e1ginas se han abierto en mis manos con toda la fuerza de una escritura, la suya, que va desgarrando las ramas in\u00fatiles de lo vivido, aprovechando de ellas solo la savia de lo verdadero, lo que convoca belleza y dignidad, para levantar el estupendo poemario, que ha sido tan merecidamente ganador del II Premio Internacional de Poes\u00eda Ciudad de Almu\u00f1ecar, y que ahora vemos publicado en la hermosa edici\u00f3n de Valpara\u00edso. Desde su solapa anotaros que este poeta, nacido en Fuente\u00e1lamo, Albacete , cuenta ya con una importante trayectoria que incluye la publicaci\u00f3n de los poemarios Los nombres del enemigo (1997), Los buenos tiempos ( 1999), La cuarta persona del singular (2002), Curvas (2009) y Carmina (2012), asi como el ensayo La realidad total: sobre la poes\u00eda de Julio Cortazar de 2010. Ha obtenido los premios de poes\u00eda Barcarola, Antonio Oliver Belm\u00e1s, Ateneo de Alicante y Ciudad de Pamplona, y otro detalle interesante ( que luego veremos reflejado en su obra) es su faceta de m\u00fasico, ya que forma parte de la banda de punk-rock Le\u00f1adores y del grupo The Rimbaud Company. Su \u00faltimo entrega po\u00e9tica se titula \u201cLa sangre\u201d. Un sencillo pero sorprendente t\u00edtulo: esa palabra (\u201dsangre\u201d) aparentemente tan cotidiana y poco necesitada de explicaci\u00f3n alguna, y que, a la vez, encierra en ella toda la dualidad de la vida. Porque la sangre siempre recorre dobles caminos: es la que sale del coraz\u00f3n y la que vuelve a \u00e9l de retorno, levantando con ello el cauce de nuestro latido , esa primera m\u00fasica que escuchamos, nuestro primer ritmo; es la que nos vivifica y crea lazos comunes, pero tambi\u00e9n la que produce todo el dolor al ser derramada y dejar escapar la vida;es la que puede ser burbuja, gota a gota o cascada cayendo en el interior de la memoria y la mirada del que escribe, y adem\u00e1s un r\u00edo largo y profundo que acerca las orillas de los dedos del poeta hasta sus lectores. Porque es esto \u00faltimo lo que hallamos al abrir el libro de Andr\u00e9s: una sangre de palabras que, al compartirlas-leerlas, da vida, mancha, duele, pone color, estalla desde sus versos en nuestras bocas. El latido \u00edntimo desde el que escribe se vuelve carnalidad y cuerpo en cada uno de los poemas. Nos dejan sus palabras marcado en la memoria un preciso ritmo de ida y de retorno hacia nosotros mismos. Las letras trazan arterias diferentes por donde corre el pensamiento del mundo, la fragilidad de lo humano, el amor, la m\u00fasica y la belleza. En las p\u00e1ginas de este libro encontramos siempre las huellas que ha dejado el poeta al caminar por su vida, bien atento a lo que palpitaba en su interior (sangre, batallas, canciones, alegr\u00edas o derrotas) pero tambi\u00e9n sabiendo observar y anotar con justeza la geograf\u00eda humana que le rodeaba, su paisaje &#8211; ahora desolado &#8211; de vidas en dif\u00edcil y terca supervivencia, la incertidumbre de un futuro que ya tarda en confirmarse. As\u00ed nos acerca en muchos de los poemas apuntes del natural, cuya sencillez cercana a lo narrativo se ve luego trascendida por el fogonazo de unos versos finales cuya reflexi\u00f3n nos apunta una verdad de vida, susurrada como descubierta al azar, ofrecida a nuestra mirada con desnuda sinceridad. Esa misma sinceridad con la que en algunos de sus textos cuestiona su propio oficio de escritor, la tan acostumbrada pose de poeta, sabiendo que la escritura no es un don divino que toca solo a algunos sino una herida, una obsesi\u00f3n muchas veces incapaz de captar totalmente la realidad, como confiesa en aquellos poemas m\u00e1s metapo\u00e9ticos en que unas estupendas im\u00e1genes saben acercar a cualquier lector este personal conflicto. Su mirada incisiva repasa tambi\u00e9n el rastro que dej\u00f3 la modernidad (cultural y musical) en su recuerdo y se detiene sin miedo a recibir el dardo de la actualidad m\u00e1s lacerante, sin olvidar tampoco esa tabla de salvaci\u00f3n que puede llegar a ser el amor. Nos va convocando as\u00ed poema a poema, extrayendo toda la luz posible de las inevitables sombras, a unirnos a su carpe diem, a cantar la esperanza. Para acercaros a las aceras con \u00e1rboles de sangre de este libro solo voy a trazaros una breve cartograf\u00eda. Abierto con unas espl\u00e9ndidas citas ( inolvidable la de Tomas Transtr\u00f6mer: \u201cOigo mi sangre circular, la cascada oculta dentro de m\u00ed, con la que ando a cuestas\u201d), la primera de las tres partes que lo componen se inicia con un excelente poema \u201cNada m\u00e1s\u201d, que ya nos trae esa dualidad de la sangre, de la existencia, de la que os hablaba, en la que el poeta, como habitante de encrucijadas quiz\u00e1 abocado sin remedio a abrir una caja de Pandora donde batallan hielo y fuego, alza el verdadero territorio del poema, en versos como estos: \u201cEscribir un libro que duela\/como duelen las cosas m\u00e1s hermosas\u2026 ir tejiendo una noticia\/en cuyo centro quepan los rel\u00e1mpagos\/ y el barro del camino\u201d Encontramos despu\u00e9s el estupendo entramado r\u00edtmico del poema \u201cLa sangre\u201d (donde aparecen encadenados algunos de los leivmotivs del autor: la figura amenazante pero hermosa del tigre, la presencia salvaje del fuego, la vida como herida necesaria). El poeta en esta secci\u00f3n desgrana, casi en alternancia, textos donde recoge el conocimiento de si mismo, la reflexi\u00f3n interior de su experiencia, los excelentes \u201dEl peque\u00f1o Narciso\u201d, \u201dEl mar abierto\u201d, \u201dLa porcelana\u201d o \u201cContra el invierno\u201d (del que transcribo estos versos: \u00b7\u201dVuelve tus manos a la luz que cae:\/rec\u00f3gela, es tuya\u201d ) junto a algunos apuntes : \u201cConquistas\u201d, \u201dEl incendio\u201d, \u201cDinamita\u201d, \u201cMiserias\u201d, \u201dVeneno\u201d, \u201cSiempre\u201d ( \u201cEste dolor sabe de qu\u00e9 hablamos\/ y en qu\u00e9 lenguaje\/los que todo tenemos y hemos perdido todo\u201d), que nos gritan su amor a la palabra desde las cicatrices mismas de su corteza de hombre. Ahora bien, la sangre, adem\u00e1s de denotar heridas, es, como he se\u00f1alado, latido, ritmo pronunciado dentro de nosotros y si hay un lugar donde queda patente mi afirmaci\u00f3n es el poema \u201cVelvet blues\u201d, el m\u00e1s extenso y narrativo del libro hasta el punto de constituir la parte segunda del poemario). En este poema la m\u00fasica es protagonista y, con hermoso trazado on\u00edrico en diluvio, Andr\u00e9s nos habla de una llovizna y una soledad que se convierte en muchedumbre. Ya nos dec\u00eda Borges que \u201cLa lluvia es una cosa que sin duda sucede en el pasado\u201d y as\u00ed, los versos de Velvet son canto a toda una generaci\u00f3n, en r\u00e1pidos tracks de los 90s nos llegan mojados por el recuerdo del baile de las canciones escuchadas en vinilos ( The Who, Ramones, Lou Reed), de los versos infernales de los poetas malditos, de la felicidad que nos dej\u00f3 la camarader\u00eda y la ciudad en el lado canalla de la noche. Pero el poeta, desgaj\u00e1ndose de a\u00f1oranza tanto como de soledades interiores, da un paso m\u00e1s, el necesario paso hacia delante y lo hace entreg\u00e1ndonos, en la tercera secci\u00f3n del libro, poemas de acercamiento al otro: al otro singular (el elegido en t\u00fa para el fuego del amor, y os anoto aqu\u00ed los hermosos poemas \u201cComo mirar las llamas\u201d, \u201cCuello\u201d, \u201cElla mira las nubes\u201d o \u201cBesos\u201d) , a los otros- comunidad , en la que Andr\u00e9s implica solo habitar el presente sino, es m\u00e1s, poner nuevas ramas, trazos al porvenir y lo hace revel\u00e1ndonos en sus versos tambi\u00e9n el rostro de esos otros-mentira, cuya infamia o cuyo silencio provocan verg\u00fcenza y desesperaci\u00f3n al mundo y que toda escritura verdadera ha de tratar de desenmascarar , nombr\u00e1ndolos hoy en voz alta. Ese nombre que podemos escuchar en el poema \u201cKiev\u201d, uno de los m\u00e1s duros y logrados del libro, donde Andr\u00e9s descerraja el arma de su poes\u00eda contra los francotiradores y sus mudos c\u00f3mplices. En el caleidoscopio de espejos de estos \u00faltimos poemas se va reflejando fragmentado el paisaje humano actual, las ciudades visitadas , la naturaleza traducida en conocimiento de uno mismo, los rastros que ha dejado en el poeta la lectura y el arte disfrutados. Desde sus rotas pero brillantes aristas surgen algunos poemas: \u201cSkaters\u201d, \u201dA un \u00e1rbol del pol\u00edgono\u201d, \u201cEfigies\u201d, \u201cMarchantes de arte\u201d, \u201dNo el arquero\u201d o \u201cMa\u00f1ana\u201d ( donde leemos \u201c\u2026\u00bfPorqu\u00e9 no\/celebrar todav\u00eda la audacia de esta sangre\/ que no acaba en nosotros, sino sigue\/latiendo en el latido luminoso\/de la ciudad\u201d), todos ellos una excelente muestra de la calidad de escritura de Andr\u00e9s y con una impactante sinceridad y belleza. Antes de cerrar el libro me detengo en las palabras de \u201cEspejos\u201d, poema que, a modo de po\u00e9tica, resume su b\u00fasqueda de verdad y belleza en las calles, en la naturaleza, con la vista siempre hacia adelante. Y esas palabras atrapan los reflejos claroscuros del torrente de vida y conciencia que ha vertido el poeta y veo, bien despierta, que este libro va dejar en nuestra memoria, inscritos como letras de libertad y verdad sobre nuestro propio \u00e1rbol, su sangre de aut\u00e9ntica poes\u00eda. Trinidad Gan , abril 2015- Trinidad Gan Granada, 18 de abril de 2015<a href=\"http:\/\/valparaisoediciones.es\/noticias\/wp-content\/uploads\/2015\/05\/PortadaLasangre.jpg\"><img loading=\"lazy\" decoding=\"async\" class=\"alignnone size-full wp-image-600\" src=\"http:\/\/valparaisoediciones.es\/noticias\/wp-content\/uploads\/2015\/05\/PortadaLasangre.jpg\" alt=\"PortadaLasangre\" width=\"796\" height=\"1239\" srcset=\"https:\/\/valparaisoediciones.es\/noticias\/wp-content\/uploads\/2015\/05\/PortadaLasangre.jpg 796w, https:\/\/valparaisoediciones.es\/noticias\/wp-content\/uploads\/2015\/05\/PortadaLasangre-193x300.jpg 193w, https:\/\/valparaisoediciones.es\/noticias\/wp-content\/uploads\/2015\/05\/PortadaLasangre-658x1024.jpg 658w, https:\/\/valparaisoediciones.es\/noticias\/wp-content\/uploads\/2015\/05\/PortadaLasangre-600x934.jpg 600w, https:\/\/valparaisoediciones.es\/noticias\/wp-content\/uploads\/2015\/05\/PortadaLasangre-624x971.jpg 624w\" sizes=\"auto, (max-width: 767px) 89vw, (max-width: 1000px) 54vw, (max-width: 1071px) 543px, 580px\" \/><\/a><\/p>\n","protected":false},"excerpt":{"rendered":"<p>Rese\u00f1a escrita por Trinidad Gan sobre el poemario La sangre, de Andr\u00e9s Garc\u00eda Cerd\u00e1n, II Premio Internacional de poes\u00eda Ciudad de Almu\u00f1\u00e9car. ESE \u00c1RBOL DE SANGRE QUE SOMOS Por Trinidad Gan La sangre Andr\u00e9s Garc\u00eda Cerd\u00e1n Valpara\u00edso Ediciones, 2015 II Premio Internacional de poes\u00eda Ciudad de Almu\u00f1\u00e9car (Granada) En la duermevela del largo viaje en &hellip; <\/p>\n<p class=\"link-more\"><a href=\"https:\/\/valparaisoediciones.es\/noticias\/2015\/05\/la-sangre-de-andres-garcia-cerdan-por-trinidad-gan\/\" class=\"more-link\">Continuar leyendo<span class=\"screen-reader-text\"> \u00abLa sangre, de Andr\u00e9s Garc\u00eda Cerd\u00e1n, por Trinidad Gan\u00bb<\/span><\/a><\/p>\n","protected":false},"author":3,"featured_media":600,"comment_status":"open","ping_status":"open","sticky":false,"template":"","format":"standard","meta":{"footnotes":""},"categories":[5,12],"tags":[220,221,61,190,178,219,60],"class_list":["post-599","post","type-post","status-publish","format-standard","has-post-thumbnail","hentry","category-multimedia","category-resenas","tag-andres","tag-cerdan","tag-gan","tag-garcia","tag-resenas-2","tag-sangre","tag-trinidad"],"yoast_head":"<!-- This site is optimized with the Yoast SEO plugin v24.7 - https:\/\/yoast.com\/wordpress\/plugins\/seo\/ -->\n<title>La sangre, de Andr\u00e9s Garc\u00eda Cerd\u00e1n, por Trinidad Gan - Valparaiso Ediciones<\/title>\n<meta name=\"robots\" content=\"index, follow, max-snippet:-1, max-image-preview:large, max-video-preview:-1\" \/>\n<link rel=\"canonical\" href=\"https:\/\/valparaisoediciones.es\/noticias\/2015\/05\/la-sangre-de-andres-garcia-cerdan-por-trinidad-gan\/\" \/>\n<meta property=\"og:locale\" content=\"es_ES\" \/>\n<meta property=\"og:type\" content=\"article\" \/>\n<meta property=\"og:title\" content=\"La sangre, de Andr\u00e9s Garc\u00eda Cerd\u00e1n, por Trinidad Gan - Valparaiso Ediciones\" \/>\n<meta property=\"og:description\" content=\"Rese\u00f1a escrita por Trinidad Gan sobre el poemario La sangre, de Andr\u00e9s Garc\u00eda Cerd\u00e1n, II Premio Internacional de poes\u00eda Ciudad de Almu\u00f1\u00e9car. ESE \u00c1RBOL DE SANGRE QUE SOMOS Por Trinidad Gan La sangre Andr\u00e9s Garc\u00eda Cerd\u00e1n Valpara\u00edso Ediciones, 2015 II Premio Internacional de poes\u00eda Ciudad de Almu\u00f1\u00e9car (Granada) En la duermevela del largo viaje en &hellip; Continuar leyendo &quot;La sangre, de Andr\u00e9s Garc\u00eda Cerd\u00e1n, por Trinidad Gan&quot;\" \/>\n<meta property=\"og:url\" content=\"https:\/\/valparaisoediciones.es\/noticias\/2015\/05\/la-sangre-de-andres-garcia-cerdan-por-trinidad-gan\/\" \/>\n<meta property=\"og:site_name\" content=\"Valparaiso Ediciones\" \/>\n<meta property=\"article:publisher\" content=\"https:\/\/www.facebook.com\/valparaiso.ediciones\" \/>\n<meta property=\"article:published_time\" content=\"2015-05-12T07:03:36+00:00\" \/>\n<meta property=\"og:image\" content=\"https:\/\/valparaisoediciones.es\/noticias\/wp-content\/uploads\/2015\/05\/PortadaLasangre.jpg\" \/>\n\t<meta property=\"og:image:width\" content=\"796\" \/>\n\t<meta property=\"og:image:height\" content=\"1239\" \/>\n\t<meta property=\"og:image:type\" content=\"image\/jpeg\" \/>\n<meta name=\"author\" content=\"Administrador\" \/>\n<meta name=\"twitter:card\" content=\"summary_large_image\" \/>\n<meta name=\"twitter:creator\" content=\"@ValparaisoEd\" \/>\n<meta name=\"twitter:site\" content=\"@ValparaisoEd\" \/>\n<meta name=\"twitter:label1\" content=\"Escrito por\" \/>\n\t<meta name=\"twitter:data1\" content=\"Administrador\" \/>\n\t<meta name=\"twitter:label2\" content=\"Tiempo de lectura\" \/>\n\t<meta name=\"twitter:data2\" content=\"9 minutos\" \/>\n<script type=\"application\/ld+json\" class=\"yoast-schema-graph\">{\"@context\":\"https:\/\/schema.org\",\"@graph\":[{\"@type\":\"Article\",\"@id\":\"https:\/\/valparaisoediciones.es\/noticias\/2015\/05\/la-sangre-de-andres-garcia-cerdan-por-trinidad-gan\/#article\",\"isPartOf\":{\"@id\":\"https:\/\/valparaisoediciones.es\/noticias\/2015\/05\/la-sangre-de-andres-garcia-cerdan-por-trinidad-gan\/\"},\"author\":{\"name\":\"Administrador\",\"@id\":\"https:\/\/valparaisoediciones.es\/noticias\/#\/schema\/person\/a23eb8fd06a3539c8ffe2230e32817f1\"},\"headline\":\"La sangre, de Andr\u00e9s Garc\u00eda Cerd\u00e1n, por Trinidad Gan\",\"datePublished\":\"2015-05-12T07:03:36+00:00\",\"mainEntityOfPage\":{\"@id\":\"https:\/\/valparaisoediciones.es\/noticias\/2015\/05\/la-sangre-de-andres-garcia-cerdan-por-trinidad-gan\/\"},\"wordCount\":1804,\"commentCount\":0,\"publisher\":{\"@id\":\"https:\/\/valparaisoediciones.es\/noticias\/#organization\"},\"image\":{\"@id\":\"https:\/\/valparaisoediciones.es\/noticias\/2015\/05\/la-sangre-de-andres-garcia-cerdan-por-trinidad-gan\/#primaryimage\"},\"thumbnailUrl\":\"https:\/\/valparaisoediciones.es\/noticias\/wp-content\/uploads\/2015\/05\/PortadaLasangre.jpg\",\"keywords\":[\"andres\",\"cerdan\",\"gan\",\"garcia\",\"rese\u00f1as\",\"sangre\",\"trinidad\"],\"articleSection\":[\"Multimedia\",\"Rese\u00f1as\"],\"inLanguage\":\"es\",\"potentialAction\":[{\"@type\":\"CommentAction\",\"name\":\"Comment\",\"target\":[\"https:\/\/valparaisoediciones.es\/noticias\/2015\/05\/la-sangre-de-andres-garcia-cerdan-por-trinidad-gan\/#respond\"]}]},{\"@type\":\"WebPage\",\"@id\":\"https:\/\/valparaisoediciones.es\/noticias\/2015\/05\/la-sangre-de-andres-garcia-cerdan-por-trinidad-gan\/\",\"url\":\"https:\/\/valparaisoediciones.es\/noticias\/2015\/05\/la-sangre-de-andres-garcia-cerdan-por-trinidad-gan\/\",\"name\":\"La sangre, de Andr\u00e9s Garc\u00eda Cerd\u00e1n, por Trinidad Gan - Valparaiso Ediciones\",\"isPartOf\":{\"@id\":\"https:\/\/valparaisoediciones.es\/noticias\/#website\"},\"primaryImageOfPage\":{\"@id\":\"https:\/\/valparaisoediciones.es\/noticias\/2015\/05\/la-sangre-de-andres-garcia-cerdan-por-trinidad-gan\/#primaryimage\"},\"image\":{\"@id\":\"https:\/\/valparaisoediciones.es\/noticias\/2015\/05\/la-sangre-de-andres-garcia-cerdan-por-trinidad-gan\/#primaryimage\"},\"thumbnailUrl\":\"https:\/\/valparaisoediciones.es\/noticias\/wp-content\/uploads\/2015\/05\/PortadaLasangre.jpg\",\"datePublished\":\"2015-05-12T07:03:36+00:00\",\"breadcrumb\":{\"@id\":\"https:\/\/valparaisoediciones.es\/noticias\/2015\/05\/la-sangre-de-andres-garcia-cerdan-por-trinidad-gan\/#breadcrumb\"},\"inLanguage\":\"es\",\"potentialAction\":[{\"@type\":\"ReadAction\",\"target\":[\"https:\/\/valparaisoediciones.es\/noticias\/2015\/05\/la-sangre-de-andres-garcia-cerdan-por-trinidad-gan\/\"]}]},{\"@type\":\"ImageObject\",\"inLanguage\":\"es\",\"@id\":\"https:\/\/valparaisoediciones.es\/noticias\/2015\/05\/la-sangre-de-andres-garcia-cerdan-por-trinidad-gan\/#primaryimage\",\"url\":\"https:\/\/valparaisoediciones.es\/noticias\/wp-content\/uploads\/2015\/05\/PortadaLasangre.jpg\",\"contentUrl\":\"https:\/\/valparaisoediciones.es\/noticias\/wp-content\/uploads\/2015\/05\/PortadaLasangre.jpg\",\"width\":796,\"height\":1239},{\"@type\":\"BreadcrumbList\",\"@id\":\"https:\/\/valparaisoediciones.es\/noticias\/2015\/05\/la-sangre-de-andres-garcia-cerdan-por-trinidad-gan\/#breadcrumb\",\"itemListElement\":[{\"@type\":\"ListItem\",\"position\":1,\"name\":\"Portada\",\"item\":\"https:\/\/valparaisoediciones.es\/noticias\/\"},{\"@type\":\"ListItem\",\"position\":2,\"name\":\"La sangre, de Andr\u00e9s Garc\u00eda Cerd\u00e1n, por Trinidad Gan\"}]},{\"@type\":\"WebSite\",\"@id\":\"https:\/\/valparaisoediciones.es\/noticias\/#website\",\"url\":\"https:\/\/valparaisoediciones.es\/noticias\/\",\"name\":\"Valparaiso Ediciones\",\"description\":\"Noticias\",\"publisher\":{\"@id\":\"https:\/\/valparaisoediciones.es\/noticias\/#organization\"},\"potentialAction\":[{\"@type\":\"SearchAction\",\"target\":{\"@type\":\"EntryPoint\",\"urlTemplate\":\"https:\/\/valparaisoediciones.es\/noticias\/?s={search_term_string}\"},\"query-input\":{\"@type\":\"PropertyValueSpecification\",\"valueRequired\":true,\"valueName\":\"search_term_string\"}}],\"inLanguage\":\"es\"},{\"@type\":\"Organization\",\"@id\":\"https:\/\/valparaisoediciones.es\/noticias\/#organization\",\"name\":\"Valpara\u00edso Ediciones\",\"url\":\"https:\/\/valparaisoediciones.es\/noticias\/\",\"logo\":{\"@type\":\"ImageObject\",\"inLanguage\":\"es\",\"@id\":\"https:\/\/valparaisoediciones.es\/noticias\/#\/schema\/logo\/image\/\",\"url\":\"http:\/\/valparaisoediciones.es\/noticias\/wp-content\/uploads\/2012\/12\/logo.png\",\"contentUrl\":\"http:\/\/valparaisoediciones.es\/noticias\/wp-content\/uploads\/2012\/12\/logo.png\",\"width\":320,\"height\":121,\"caption\":\"Valpara\u00edso Ediciones\"},\"image\":{\"@id\":\"https:\/\/valparaisoediciones.es\/noticias\/#\/schema\/logo\/image\/\"},\"sameAs\":[\"https:\/\/www.facebook.com\/valparaiso.ediciones\",\"https:\/\/x.com\/ValparaisoEd\"]},{\"@type\":\"Person\",\"@id\":\"https:\/\/valparaisoediciones.es\/noticias\/#\/schema\/person\/a23eb8fd06a3539c8ffe2230e32817f1\",\"name\":\"Administrador\",\"image\":{\"@type\":\"ImageObject\",\"inLanguage\":\"es\",\"@id\":\"https:\/\/valparaisoediciones.es\/noticias\/#\/schema\/person\/image\/\",\"url\":\"https:\/\/secure.gravatar.com\/avatar\/7bca4ba132c9cf6584007b282c38c7c3c01797d94c033ae2f6efa9a85b829dcd?s=96&d=blank&r=g\",\"contentUrl\":\"https:\/\/secure.gravatar.com\/avatar\/7bca4ba132c9cf6584007b282c38c7c3c01797d94c033ae2f6efa9a85b829dcd?s=96&d=blank&r=g\",\"caption\":\"Administrador\"},\"sameAs\":[\"http:\/\/valparaisoediciones.es\"],\"url\":\"https:\/\/valparaisoediciones.es\/noticias\/author\/administrador\/\"}]}<\/script>\n<!-- \/ Yoast SEO plugin. -->","yoast_head_json":{"title":"La sangre, de Andr\u00e9s Garc\u00eda Cerd\u00e1n, por Trinidad Gan - Valparaiso Ediciones","robots":{"index":"index","follow":"follow","max-snippet":"max-snippet:-1","max-image-preview":"max-image-preview:large","max-video-preview":"max-video-preview:-1"},"canonical":"https:\/\/valparaisoediciones.es\/noticias\/2015\/05\/la-sangre-de-andres-garcia-cerdan-por-trinidad-gan\/","og_locale":"es_ES","og_type":"article","og_title":"La sangre, de Andr\u00e9s Garc\u00eda Cerd\u00e1n, por Trinidad Gan - Valparaiso Ediciones","og_description":"Rese\u00f1a escrita por Trinidad Gan sobre el poemario La sangre, de Andr\u00e9s Garc\u00eda Cerd\u00e1n, II Premio Internacional de poes\u00eda Ciudad de Almu\u00f1\u00e9car. ESE \u00c1RBOL DE SANGRE QUE SOMOS Por Trinidad Gan La sangre Andr\u00e9s Garc\u00eda Cerd\u00e1n Valpara\u00edso Ediciones, 2015 II Premio Internacional de poes\u00eda Ciudad de Almu\u00f1\u00e9car (Granada) En la duermevela del largo viaje en &hellip; Continuar leyendo \"La sangre, de Andr\u00e9s Garc\u00eda Cerd\u00e1n, por Trinidad Gan\"","og_url":"https:\/\/valparaisoediciones.es\/noticias\/2015\/05\/la-sangre-de-andres-garcia-cerdan-por-trinidad-gan\/","og_site_name":"Valparaiso Ediciones","article_publisher":"https:\/\/www.facebook.com\/valparaiso.ediciones","article_published_time":"2015-05-12T07:03:36+00:00","og_image":[{"width":796,"height":1239,"url":"https:\/\/valparaisoediciones.es\/noticias\/wp-content\/uploads\/2015\/05\/PortadaLasangre.jpg","type":"image\/jpeg"}],"author":"Administrador","twitter_card":"summary_large_image","twitter_creator":"@ValparaisoEd","twitter_site":"@ValparaisoEd","twitter_misc":{"Escrito por":"Administrador","Tiempo de lectura":"9 minutos"},"schema":{"@context":"https:\/\/schema.org","@graph":[{"@type":"Article","@id":"https:\/\/valparaisoediciones.es\/noticias\/2015\/05\/la-sangre-de-andres-garcia-cerdan-por-trinidad-gan\/#article","isPartOf":{"@id":"https:\/\/valparaisoediciones.es\/noticias\/2015\/05\/la-sangre-de-andres-garcia-cerdan-por-trinidad-gan\/"},"author":{"name":"Administrador","@id":"https:\/\/valparaisoediciones.es\/noticias\/#\/schema\/person\/a23eb8fd06a3539c8ffe2230e32817f1"},"headline":"La sangre, de Andr\u00e9s Garc\u00eda Cerd\u00e1n, por Trinidad Gan","datePublished":"2015-05-12T07:03:36+00:00","mainEntityOfPage":{"@id":"https:\/\/valparaisoediciones.es\/noticias\/2015\/05\/la-sangre-de-andres-garcia-cerdan-por-trinidad-gan\/"},"wordCount":1804,"commentCount":0,"publisher":{"@id":"https:\/\/valparaisoediciones.es\/noticias\/#organization"},"image":{"@id":"https:\/\/valparaisoediciones.es\/noticias\/2015\/05\/la-sangre-de-andres-garcia-cerdan-por-trinidad-gan\/#primaryimage"},"thumbnailUrl":"https:\/\/valparaisoediciones.es\/noticias\/wp-content\/uploads\/2015\/05\/PortadaLasangre.jpg","keywords":["andres","cerdan","gan","garcia","rese\u00f1as","sangre","trinidad"],"articleSection":["Multimedia","Rese\u00f1as"],"inLanguage":"es","potentialAction":[{"@type":"CommentAction","name":"Comment","target":["https:\/\/valparaisoediciones.es\/noticias\/2015\/05\/la-sangre-de-andres-garcia-cerdan-por-trinidad-gan\/#respond"]}]},{"@type":"WebPage","@id":"https:\/\/valparaisoediciones.es\/noticias\/2015\/05\/la-sangre-de-andres-garcia-cerdan-por-trinidad-gan\/","url":"https:\/\/valparaisoediciones.es\/noticias\/2015\/05\/la-sangre-de-andres-garcia-cerdan-por-trinidad-gan\/","name":"La sangre, de Andr\u00e9s Garc\u00eda Cerd\u00e1n, por Trinidad Gan - Valparaiso Ediciones","isPartOf":{"@id":"https:\/\/valparaisoediciones.es\/noticias\/#website"},"primaryImageOfPage":{"@id":"https:\/\/valparaisoediciones.es\/noticias\/2015\/05\/la-sangre-de-andres-garcia-cerdan-por-trinidad-gan\/#primaryimage"},"image":{"@id":"https:\/\/valparaisoediciones.es\/noticias\/2015\/05\/la-sangre-de-andres-garcia-cerdan-por-trinidad-gan\/#primaryimage"},"thumbnailUrl":"https:\/\/valparaisoediciones.es\/noticias\/wp-content\/uploads\/2015\/05\/PortadaLasangre.jpg","datePublished":"2015-05-12T07:03:36+00:00","breadcrumb":{"@id":"https:\/\/valparaisoediciones.es\/noticias\/2015\/05\/la-sangre-de-andres-garcia-cerdan-por-trinidad-gan\/#breadcrumb"},"inLanguage":"es","potentialAction":[{"@type":"ReadAction","target":["https:\/\/valparaisoediciones.es\/noticias\/2015\/05\/la-sangre-de-andres-garcia-cerdan-por-trinidad-gan\/"]}]},{"@type":"ImageObject","inLanguage":"es","@id":"https:\/\/valparaisoediciones.es\/noticias\/2015\/05\/la-sangre-de-andres-garcia-cerdan-por-trinidad-gan\/#primaryimage","url":"https:\/\/valparaisoediciones.es\/noticias\/wp-content\/uploads\/2015\/05\/PortadaLasangre.jpg","contentUrl":"https:\/\/valparaisoediciones.es\/noticias\/wp-content\/uploads\/2015\/05\/PortadaLasangre.jpg","width":796,"height":1239},{"@type":"BreadcrumbList","@id":"https:\/\/valparaisoediciones.es\/noticias\/2015\/05\/la-sangre-de-andres-garcia-cerdan-por-trinidad-gan\/#breadcrumb","itemListElement":[{"@type":"ListItem","position":1,"name":"Portada","item":"https:\/\/valparaisoediciones.es\/noticias\/"},{"@type":"ListItem","position":2,"name":"La sangre, de Andr\u00e9s Garc\u00eda Cerd\u00e1n, por Trinidad Gan"}]},{"@type":"WebSite","@id":"https:\/\/valparaisoediciones.es\/noticias\/#website","url":"https:\/\/valparaisoediciones.es\/noticias\/","name":"Valparaiso Ediciones","description":"Noticias","publisher":{"@id":"https:\/\/valparaisoediciones.es\/noticias\/#organization"},"potentialAction":[{"@type":"SearchAction","target":{"@type":"EntryPoint","urlTemplate":"https:\/\/valparaisoediciones.es\/noticias\/?s={search_term_string}"},"query-input":{"@type":"PropertyValueSpecification","valueRequired":true,"valueName":"search_term_string"}}],"inLanguage":"es"},{"@type":"Organization","@id":"https:\/\/valparaisoediciones.es\/noticias\/#organization","name":"Valpara\u00edso Ediciones","url":"https:\/\/valparaisoediciones.es\/noticias\/","logo":{"@type":"ImageObject","inLanguage":"es","@id":"https:\/\/valparaisoediciones.es\/noticias\/#\/schema\/logo\/image\/","url":"http:\/\/valparaisoediciones.es\/noticias\/wp-content\/uploads\/2012\/12\/logo.png","contentUrl":"http:\/\/valparaisoediciones.es\/noticias\/wp-content\/uploads\/2012\/12\/logo.png","width":320,"height":121,"caption":"Valpara\u00edso Ediciones"},"image":{"@id":"https:\/\/valparaisoediciones.es\/noticias\/#\/schema\/logo\/image\/"},"sameAs":["https:\/\/www.facebook.com\/valparaiso.ediciones","https:\/\/x.com\/ValparaisoEd"]},{"@type":"Person","@id":"https:\/\/valparaisoediciones.es\/noticias\/#\/schema\/person\/a23eb8fd06a3539c8ffe2230e32817f1","name":"Administrador","image":{"@type":"ImageObject","inLanguage":"es","@id":"https:\/\/valparaisoediciones.es\/noticias\/#\/schema\/person\/image\/","url":"https:\/\/secure.gravatar.com\/avatar\/7bca4ba132c9cf6584007b282c38c7c3c01797d94c033ae2f6efa9a85b829dcd?s=96&d=blank&r=g","contentUrl":"https:\/\/secure.gravatar.com\/avatar\/7bca4ba132c9cf6584007b282c38c7c3c01797d94c033ae2f6efa9a85b829dcd?s=96&d=blank&r=g","caption":"Administrador"},"sameAs":["http:\/\/valparaisoediciones.es"],"url":"https:\/\/valparaisoediciones.es\/noticias\/author\/administrador\/"}]}},"_links":{"self":[{"href":"https:\/\/valparaisoediciones.es\/noticias\/wp-json\/wp\/v2\/posts\/599","targetHints":{"allow":["GET"]}}],"collection":[{"href":"https:\/\/valparaisoediciones.es\/noticias\/wp-json\/wp\/v2\/posts"}],"about":[{"href":"https:\/\/valparaisoediciones.es\/noticias\/wp-json\/wp\/v2\/types\/post"}],"author":[{"embeddable":true,"href":"https:\/\/valparaisoediciones.es\/noticias\/wp-json\/wp\/v2\/users\/3"}],"replies":[{"embeddable":true,"href":"https:\/\/valparaisoediciones.es\/noticias\/wp-json\/wp\/v2\/comments?post=599"}],"version-history":[{"count":1,"href":"https:\/\/valparaisoediciones.es\/noticias\/wp-json\/wp\/v2\/posts\/599\/revisions"}],"predecessor-version":[{"id":601,"href":"https:\/\/valparaisoediciones.es\/noticias\/wp-json\/wp\/v2\/posts\/599\/revisions\/601"}],"wp:featuredmedia":[{"embeddable":true,"href":"https:\/\/valparaisoediciones.es\/noticias\/wp-json\/wp\/v2\/media\/600"}],"wp:attachment":[{"href":"https:\/\/valparaisoediciones.es\/noticias\/wp-json\/wp\/v2\/media?parent=599"}],"wp:term":[{"taxonomy":"category","embeddable":true,"href":"https:\/\/valparaisoediciones.es\/noticias\/wp-json\/wp\/v2\/categories?post=599"},{"taxonomy":"post_tag","embeddable":true,"href":"https:\/\/valparaisoediciones.es\/noticias\/wp-json\/wp\/v2\/tags?post=599"}],"curies":[{"name":"wp","href":"https:\/\/api.w.org\/{rel}","templated":true}]}}