{"id":721,"date":"2019-09-26T07:58:53","date_gmt":"2019-09-26T07:58:53","guid":{"rendered":"http:\/\/valparaisoediciones.es\/noticias\/?p=721"},"modified":"2021-01-28T07:15:25","modified_gmt":"2021-01-28T07:15:25","slug":"v-premio-valparaiso-de-poesia-formulario","status":"publish","type":"post","link":"https:\/\/valparaisoediciones.es\/noticias\/2019\/09\/v-premio-valparaiso-de-poesia-formulario\/","title":{"rendered":"V PREMIO VALPARA\u00cdSO DE POES\u00cdA (FORMULARIO)"},"content":{"rendered":"\n<p style=\"text-align:left\">La editorial Valpara\u00edso Ediciones S.L. convoca el<\/p>\n\n\n\n<p style=\"text-align:left\"><strong>V PREMIO\nVALPARA\u00cdSO DE POES\u00cdA (Espa\u00f1a)<\/strong><\/p>\n\n\n\n<p>La editorial Valpara\u00edso Ediciones S.L. convoca el V Premio Valpara\u00edso de Poes\u00eda atendiendo a las siguientes bases:<\/p>\n\n\n\n<p>1\u00aa. Podr\u00e1n concursar en este premio autores de hasta\n30 a\u00f1os de edad (nacidos despu\u00e9s del 1 de enero de 1989), de nacionalidad\nespa\u00f1ola o residentes en Espa\u00f1a.<\/p>\n\n\n\n<p>2\u00aa. Los originales presentados deber\u00e1n estar escritos\nen castellano.<\/p>\n\n\n\n<p>3\u00aa. El tema y la extensi\u00f3n ser\u00e1n libres, si bien debe\ntenerse en cuenta la habitual para un&nbsp;libro de poemas.<\/p>\n\n\n\n<p>4\u00aa. Los originales presentados deber\u00e1n ser in\u00e9ditos, no habiendo sido publicados en todo o en parte tanto en papel como en Internet o medios an\u00e1logos. Adem\u00e1s, los libros presentados no podr\u00e1n tener ning\u00fan tipo de carga de derechos de autor, ya sea por contratos con otras editoriales o por cualquier derecho adquirido por parte de terceros. El autor reconoce encontrarse en plena posesi\u00f3n de los derechos de su obra sin carga alguna. Si entre la finalizaci\u00f3n del plazo de presentaci\u00f3n y la concesi\u00f3n del premio, alguno de los trabajos presentados obtuviera otro premio, el autor deber\u00e1 comunicarlo por escrito o correo electr\u00f3nico a Valpara\u00edso Ediciones a fin de que el jurado no tenga en consideraci\u00f3n el libro.<\/p>\n\n\n\n<p>5\u00aa. Las obras estar\u00e1n firmadas. No est\u00e1 permitido\npresentarse bajo pseud\u00f3nimo o plica. El autor deber\u00e1 acompa\u00f1ar en la primera\np\u00e1gina del libro una nota biogr\u00e1fica y una fotograf\u00eda reciente, indicando\nclaramente los siguientes datos: nombre, apellidos, direcci\u00f3n postal, tel\u00e9fono\nde contacto y direcci\u00f3n de correo electr\u00f3nico. <\/p>\n\n\n\n<p>6\u00aa. Los originales se presentar\u00e1n antes del 5 de diciembre de 2019 mediante el formulario destinado a ello a continuaci\u00f3n de estas bases.<\/p>\n\n\n\n<p>7\u00aa. El jurado estar\u00e1 compuesto por poetas de reconocido prestigio y el director de la editorial Valpara\u00edso. Sus nombres se dar\u00e1n a conocer en el momento del fallo del premio, que ser\u00e1 antes de que finalice marzo de 2020.<\/p>\n\n\n\n<p>8\u00aa. El premio consistir\u00e1 en la publicaci\u00f3n del libro\nen la Colecci\u00f3n de Poes\u00eda de Valpara\u00edso Ediciones y ser\u00e1 distribuido en Espa\u00f1a.\nLa editorial mantendr\u00e1 y comercializar\u00e1 los derechos de la obra en cualquier\nidioma y podr\u00e1 publicarla en sus filiales de M\u00e9xico, Colombia, Centroam\u00e9rica y\nEstados Unidos en el caso de que lo considere oportuno, sin caducidad de los\nmismos. El autor percibir\u00e1 los correspondientes derechos por la\ncomercializaci\u00f3n de su obra.<\/p>\n\n\n\n<p>9\u00aa. El libro ser\u00e1 presentado en el primer semestre de 2020. El autor se compromete a participar en los actos promocionales que entre enero y junio de ese a\u00f1o organizar\u00e1 la editorial, con el fin de lograr la m\u00e1xima difusi\u00f3n de su obra.<\/p>\n\n\n\n<p>10\u00aa. El jurado podr\u00e1 optar entre seleccionar un solo\nlibro como ganador, declarar a dos libros ganadores ex-aequo o dejar desierto\nel premio.<\/p>\n\n\n\n<p>11\u00aa. Una vez presentados, los trabajos no podr\u00e1n ser\nretirados antes de que el jurado emita su fallo, excepto en lo previsto en la\nbase 4\u00aa.<\/p>\n\n\n\n<p>12\u00aa. Los trabajos no premiados en ning\u00fan caso ser\u00e1n\ndevueltos a sus autores y ser\u00e1n destruidos tras la deliberaci\u00f3n del jurado.<\/p>\n\n\n\n<p>13\u00aa. La presentaci\u00f3n a este premio supone la plena\naceptaci\u00f3n de sus bases.<\/p>\n\n\n\n<p>Granada, octubre de 2019.<\/p>\n\n\n\n<p><\/p>\n\n\n\n<div class=\"wpcf7 no-js\" id=\"wpcf7-f723-o1\" lang=\"es-ES\" dir=\"ltr\">\n<div class=\"screen-reader-response\"><p role=\"status\" aria-live=\"polite\" aria-atomic=\"true\"><\/p> <ul><\/ul><\/div>\n<form action=\"\/noticias\/wp-json\/wp\/v2\/posts\/721#wpcf7-f723-o1\" method=\"post\" class=\"wpcf7-form init\" aria-label=\"Formulario de contacto\" enctype=\"multipart\/form-data\" novalidate=\"novalidate\" data-status=\"init\">\n<div style=\"display: none;\">\n<input type=\"hidden\" name=\"_wpcf7\" value=\"723\" \/>\n<input type=\"hidden\" name=\"_wpcf7_version\" value=\"5.7.7\" \/>\n<input type=\"hidden\" name=\"_wpcf7_locale\" value=\"es_ES\" \/>\n<input type=\"hidden\" name=\"_wpcf7_unit_tag\" value=\"wpcf7-f723-o1\" \/>\n<input type=\"hidden\" name=\"_wpcf7_container_post\" value=\"0\" \/>\n<input type=\"hidden\" name=\"_wpcf7_posted_data_hash\" value=\"\" \/>\n<\/div>\n<h2>Formulario para la participaci\u00f3n en el VI Premio Valpara\u00edso de Poes\u00eda\n<\/h2>\n<div class=\"formulario_premiovalparaiso\">\n\t<p><span class=\"elemento\">Nombre*<br \/>\n<span class=\"wpcf7-form-control-wrap\" data-name=\"nombre\"><input size=\"40\" class=\"wpcf7-form-control wpcf7-text wpcf7-validates-as-required\" aria-required=\"true\" aria-invalid=\"false\" value=\"\" type=\"text\" name=\"nombre\" \/><\/span> <\/span>\n\t<\/p>\n\t<p><span class=\"elemento\">Apellidos*<br \/>\n<span class=\"wpcf7-form-control-wrap\" data-name=\"apellidos\"><input size=\"40\" class=\"wpcf7-form-control wpcf7-text wpcf7-validates-as-required\" aria-required=\"true\" aria-invalid=\"false\" value=\"\" type=\"text\" name=\"apellidos\" \/><\/span> <\/span>\n\t<\/p>\n\t<p><span class=\"elemento\">Fecha de nacimiento*<br \/>\n<span class=\"wpcf7-form-control-wrap\" data-name=\"fechanacimiento\"><input size=\"40\" class=\"wpcf7-form-control wpcf7-text wpcf7-validates-as-required\" aria-required=\"true\" aria-invalid=\"false\" value=\"\" type=\"text\" name=\"fechanacimiento\" \/><\/span> <\/span>\n\t<\/p>\n\t<p><span class=\"elemento\">Lugar de nacimiento*<br \/>\n<span class=\"wpcf7-form-control-wrap\" data-name=\"lugarnacimiento\"><input size=\"40\" class=\"wpcf7-form-control wpcf7-text wpcf7-validates-as-required\" aria-required=\"true\" aria-invalid=\"false\" value=\"\" type=\"text\" name=\"lugarnacimiento\" \/><\/span> <\/span>\n\t<\/p>\n\t<p><span class=\"elemento\">Breve nota biogr\u00e1fica (m\u00e1ximo de 10 l\u00edneas)*<br \/>\n<span class=\"wpcf7-form-control-wrap\" data-name=\"biografia\"><textarea cols=\"40\" rows=\"10\" class=\"wpcf7-form-control wpcf7-textarea wpcf7-validates-as-required\" aria-required=\"true\" aria-invalid=\"false\" name=\"biografia\"><\/textarea><\/span> <\/span>\n\t<\/p>\n\t<p><span class=\"elemento\">Libros publicados con anterioridad*<br \/>\n<span class=\"wpcf7-form-control-wrap\" data-name=\"librospublicados\"><textarea cols=\"40\" rows=\"10\" class=\"wpcf7-form-control wpcf7-textarea wpcf7-validates-as-required\" aria-required=\"true\" aria-invalid=\"false\" name=\"librospublicados\"><\/textarea><\/span> <\/span>\n\t<\/p>\n\t<p><span class=\"elemento\">Adjuntar fotograf\u00eda (opcional)<br \/>\n<span class=\"wpcf7-form-control-wrap\" data-name=\"fotografia\"><input size=\"40\" class=\"wpcf7-form-control wpcf7-file\" accept=\".gif,.png,.jpg,.jpeg\" aria-invalid=\"false\" type=\"file\" name=\"fotografia\" \/><\/span><\/span>\n\t<\/p>\n\t<p><span class=\"elemento\">Perfil de Facebook<br \/>\n<span class=\"wpcf7-form-control-wrap\" data-name=\"perfilfacebook\"><input size=\"40\" class=\"wpcf7-form-control wpcf7-text\" aria-invalid=\"false\" value=\"\" type=\"text\" name=\"perfilfacebook\" \/><\/span> <\/span>\n\t<\/p>\n\t<p><span class=\"elemento\">Perfil de Instagram*<br \/>\n<span class=\"wpcf7-form-control-wrap\" data-name=\"perfilinstagram\"><input size=\"40\" class=\"wpcf7-form-control wpcf7-text wpcf7-validates-as-required\" aria-required=\"true\" aria-invalid=\"false\" value=\"\" type=\"text\" name=\"perfilinstagram\" \/><\/span> <\/span>\n\t<\/p>\n\t<p><span class=\"elemento\">Perfil de Twitter*<br \/>\n<span class=\"wpcf7-form-control-wrap\" data-name=\"perfiltwitter\"><input size=\"40\" class=\"wpcf7-form-control wpcf7-text wpcf7-validates-as-required\" aria-required=\"true\" aria-invalid=\"false\" value=\"\" type=\"text\" name=\"perfiltwitter\" \/><\/span> <\/span>\n\t<\/p>\n\t<p><span class=\"elemento\">Email*<br \/>\n<span class=\"wpcf7-form-control-wrap\" data-name=\"email\"><input size=\"40\" class=\"wpcf7-form-control wpcf7-text wpcf7-email wpcf7-validates-as-required wpcf7-validates-as-email\" aria-required=\"true\" aria-invalid=\"false\" value=\"\" type=\"email\" name=\"email\" \/><\/span> <\/span>\n\t<\/p>\n\t<p><span class=\"elemento\">Tel\u00e9fono m\u00f3vil*<br \/>\n<span class=\"wpcf7-form-control-wrap\" data-name=\"telefonomovil\"><input size=\"40\" class=\"wpcf7-form-control wpcf7-text wpcf7-validates-as-required\" aria-required=\"true\" aria-invalid=\"false\" value=\"\" type=\"text\" name=\"telefonomovil\" \/><\/span> <\/span>\n\t<\/p>\n\t<p><span class=\"elemento\">Direcci\u00f3n postal*<br \/>\n<span class=\"wpcf7-form-control-wrap\" data-name=\"direccionpostal\"><textarea cols=\"40\" rows=\"10\" class=\"wpcf7-form-control wpcf7-textarea wpcf7-validates-as-required\" aria-required=\"true\" aria-invalid=\"false\" name=\"direccionpostal\"><\/textarea><\/span> <\/span>\n\t<\/p>\n\t<p><span class=\"elemento\">Comentarios (opcional)<br \/>\n<span class=\"wpcf7-form-control-wrap\" data-name=\"comentarios\"><textarea cols=\"40\" rows=\"10\" class=\"wpcf7-form-control wpcf7-textarea\" aria-invalid=\"false\" name=\"comentarios\"><\/textarea><\/span> <\/span>\n\t<\/p>\n\t<p><span class=\"elemento\">Adjuntar manuscrito*<br \/>\n<span class=\"wpcf7-form-control-wrap\" data-name=\"manuscrito\"><input size=\"40\" class=\"wpcf7-form-control wpcf7-file wpcf7-validates-as-required\" accept=\".txt,.doc,.docx,.pdf,.rtf\" aria-required=\"true\" aria-invalid=\"false\" type=\"file\" name=\"manuscrito\" \/><\/span><\/span>\n\t<\/p>\n\t<p><span class=\"wpcf7-form-control-wrap\" data-name=\"quiz-789\"><label><span class=\"wpcf7-quiz-label\">\u00bfCu\u00e1nto son 2 + 2?<\/span> <input size=\"40\" class=\"wpcf7-form-control wpcf7-quiz\" autocomplete=\"off\" aria-required=\"true\" aria-invalid=\"false\" type=\"text\" name=\"quiz-789\" \/><\/label><input type=\"hidden\" name=\"_wpcf7_quiz_answer_quiz-789\" value=\"39f7777fec29dfd3000b4207a9fcf774\" \/><\/span>\n\t<\/p>\n\t<p><span class=\"wpcf7-form-control-wrap\" data-name=\"acceptance-185\"><span class=\"wpcf7-form-control wpcf7-acceptance\"><span class=\"wpcf7-list-item\"><label><input type=\"checkbox\" name=\"acceptance-185\" value=\"1\" aria-invalid=\"false\" \/><span class=\"wpcf7-list-item-label\">He le\u00eddo y estoy de acuerdo con <a href=\"http:\/\/valparaisoediciones.es\/tienda\/content\/2-aviso-legal\" target=\"_blank\">la pol\u00edtica de privacidad<\/a>.<\/span><\/label><\/span><\/span><\/span>\n\t<\/p>\n\t<p><span class=\"wpcf7-form-control-wrap\" data-name=\"acceptance-185\"><span class=\"wpcf7-form-control wpcf7-acceptance\"><span class=\"wpcf7-list-item\"><label><input type=\"checkbox\" name=\"acceptance-185\" value=\"1\" aria-invalid=\"false\" \/><span class=\"wpcf7-list-item-label\">Entiendo que este formulario es para la participaci\u00f3n en el VI Premio Valpara\u00edso de Poes\u00eda y no para someter el manuscrito a dictamen de la editorial Valparaiso Ediciones.<\/span><\/label><\/span><\/span><\/span>\n\t<\/p>\n\t<p><input class=\"wpcf7-form-control has-spinner wpcf7-submit\" type=\"submit\" value=\"Enviar\" \/>\n\t<\/p>\n<\/div><div class=\"wpcf7-response-output\" aria-hidden=\"true\"><\/div>\n<\/form>\n<\/div>\n\n","protected":false},"excerpt":{"rendered":"<p>La editorial Valpara\u00edso Ediciones S.L. convoca el V Premio Valpara\u00edso de Poes\u00eda.<\/p>\n","protected":false},"author":3,"featured_media":607,"comment_status":"closed","ping_status":"closed","sticky":false,"template":"","format":"standard","meta":{"footnotes":""},"categories":[281,4],"tags":[146,19,6,18],"class_list":["post-721","post","type-post","status-publish","format-standard","has-post-thumbnail","hentry","category-premio-valparaiso-de-poesia","category-premios","tag-espana","tag-poesia","tag-premio","tag-valparaiso"],"yoast_head":"<!-- This site is optimized with the Yoast SEO plugin v24.7 - https:\/\/yoast.com\/wordpress\/plugins\/seo\/ -->\n<title>V PREMIO VALPARA\u00cdSO DE POES\u00cdA (FORMULARIO) - Valparaiso Ediciones<\/title>\n<meta name=\"robots\" content=\"index, follow, max-snippet:-1, max-image-preview:large, max-video-preview:-1\" \/>\n<link rel=\"canonical\" href=\"https:\/\/valparaisoediciones.es\/noticias\/2019\/09\/v-premio-valparaiso-de-poesia-formulario\/\" \/>\n<meta property=\"og:locale\" content=\"es_ES\" \/>\n<meta property=\"og:type\" content=\"article\" \/>\n<meta property=\"og:title\" content=\"V PREMIO VALPARA\u00cdSO DE POES\u00cdA (FORMULARIO) - Valparaiso Ediciones\" \/>\n<meta property=\"og:description\" content=\"La editorial Valpara\u00edso Ediciones S.L. convoca el V Premio Valpara\u00edso de Poes\u00eda.\" \/>\n<meta property=\"og:url\" content=\"https:\/\/valparaisoediciones.es\/noticias\/2019\/09\/v-premio-valparaiso-de-poesia-formulario\/\" \/>\n<meta property=\"og:site_name\" content=\"Valparaiso Ediciones\" \/>\n<meta property=\"article:publisher\" content=\"https:\/\/www.facebook.com\/valparaiso.ediciones\" \/>\n<meta property=\"article:published_time\" content=\"2019-09-26T07:58:53+00:00\" \/>\n<meta property=\"article:modified_time\" content=\"2021-01-28T07:15:25+00:00\" \/>\n<meta property=\"og:image\" content=\"https:\/\/valparaisoediciones.es\/noticias\/wp-content\/uploads\/2015\/06\/valparaiso_premio_color-01.jpg\" \/>\n\t<meta property=\"og:image:width\" content=\"626\" \/>\n\t<meta property=\"og:image:height\" content=\"596\" \/>\n\t<meta property=\"og:image:type\" content=\"image\/jpeg\" \/>\n<meta name=\"author\" content=\"Administrador\" \/>\n<meta name=\"twitter:card\" content=\"summary_large_image\" \/>\n<meta name=\"twitter:creator\" content=\"@ValparaisoEd\" \/>\n<meta name=\"twitter:site\" content=\"@ValparaisoEd\" \/>\n<meta name=\"twitter:label1\" content=\"Escrito por\" \/>\n\t<meta name=\"twitter:data1\" content=\"Administrador\" \/>\n\t<meta name=\"twitter:label2\" content=\"Tiempo de lectura\" \/>\n\t<meta name=\"twitter:data2\" content=\"3 minutos\" \/>\n<script type=\"application\/ld+json\" class=\"yoast-schema-graph\">{\"@context\":\"https:\/\/schema.org\",\"@graph\":[{\"@type\":\"Article\",\"@id\":\"https:\/\/valparaisoediciones.es\/noticias\/2019\/09\/v-premio-valparaiso-de-poesia-formulario\/#article\",\"isPartOf\":{\"@id\":\"https:\/\/valparaisoediciones.es\/noticias\/2019\/09\/v-premio-valparaiso-de-poesia-formulario\/\"},\"author\":{\"name\":\"Administrador\",\"@id\":\"https:\/\/valparaisoediciones.es\/noticias\/#\/schema\/person\/a23eb8fd06a3539c8ffe2230e32817f1\"},\"headline\":\"V PREMIO VALPARA\u00cdSO DE POES\u00cdA (FORMULARIO)\",\"datePublished\":\"2019-09-26T07:58:53+00:00\",\"dateModified\":\"2021-01-28T07:15:25+00:00\",\"mainEntityOfPage\":{\"@id\":\"https:\/\/valparaisoediciones.es\/noticias\/2019\/09\/v-premio-valparaiso-de-poesia-formulario\/\"},\"wordCount\":571,\"publisher\":{\"@id\":\"https:\/\/valparaisoediciones.es\/noticias\/#organization\"},\"image\":{\"@id\":\"https:\/\/valparaisoediciones.es\/noticias\/2019\/09\/v-premio-valparaiso-de-poesia-formulario\/#primaryimage\"},\"thumbnailUrl\":\"https:\/\/valparaisoediciones.es\/noticias\/wp-content\/uploads\/2015\/06\/valparaiso_premio_color-01.jpg\",\"keywords\":[\"Espa\u00f1a\",\"poes\u00eda\",\"Premio\",\"Valpara\u00edso\"],\"articleSection\":[\"Premio Valpara\u00edso de Poes\u00eda\",\"Premios\"],\"inLanguage\":\"es\"},{\"@type\":\"WebPage\",\"@id\":\"https:\/\/valparaisoediciones.es\/noticias\/2019\/09\/v-premio-valparaiso-de-poesia-formulario\/\",\"url\":\"https:\/\/valparaisoediciones.es\/noticias\/2019\/09\/v-premio-valparaiso-de-poesia-formulario\/\",\"name\":\"V PREMIO VALPARA\u00cdSO DE POES\u00cdA (FORMULARIO) - Valparaiso Ediciones\",\"isPartOf\":{\"@id\":\"https:\/\/valparaisoediciones.es\/noticias\/#website\"},\"primaryImageOfPage\":{\"@id\":\"https:\/\/valparaisoediciones.es\/noticias\/2019\/09\/v-premio-valparaiso-de-poesia-formulario\/#primaryimage\"},\"image\":{\"@id\":\"https:\/\/valparaisoediciones.es\/noticias\/2019\/09\/v-premio-valparaiso-de-poesia-formulario\/#primaryimage\"},\"thumbnailUrl\":\"https:\/\/valparaisoediciones.es\/noticias\/wp-content\/uploads\/2015\/06\/valparaiso_premio_color-01.jpg\",\"datePublished\":\"2019-09-26T07:58:53+00:00\",\"dateModified\":\"2021-01-28T07:15:25+00:00\",\"breadcrumb\":{\"@id\":\"https:\/\/valparaisoediciones.es\/noticias\/2019\/09\/v-premio-valparaiso-de-poesia-formulario\/#breadcrumb\"},\"inLanguage\":\"es\",\"potentialAction\":[{\"@type\":\"ReadAction\",\"target\":[\"https:\/\/valparaisoediciones.es\/noticias\/2019\/09\/v-premio-valparaiso-de-poesia-formulario\/\"]}]},{\"@type\":\"ImageObject\",\"inLanguage\":\"es\",\"@id\":\"https:\/\/valparaisoediciones.es\/noticias\/2019\/09\/v-premio-valparaiso-de-poesia-formulario\/#primaryimage\",\"url\":\"https:\/\/valparaisoediciones.es\/noticias\/wp-content\/uploads\/2015\/06\/valparaiso_premio_color-01.jpg\",\"contentUrl\":\"https:\/\/valparaisoediciones.es\/noticias\/wp-content\/uploads\/2015\/06\/valparaiso_premio_color-01.jpg\",\"width\":626,\"height\":596,\"caption\":\"Premio Poes\u00eda Valpara\u00edso Ediciones\"},{\"@type\":\"BreadcrumbList\",\"@id\":\"https:\/\/valparaisoediciones.es\/noticias\/2019\/09\/v-premio-valparaiso-de-poesia-formulario\/#breadcrumb\",\"itemListElement\":[{\"@type\":\"ListItem\",\"position\":1,\"name\":\"Portada\",\"item\":\"https:\/\/valparaisoediciones.es\/noticias\/\"},{\"@type\":\"ListItem\",\"position\":2,\"name\":\"V PREMIO VALPARA\u00cdSO DE POES\u00cdA (FORMULARIO)\"}]},{\"@type\":\"WebSite\",\"@id\":\"https:\/\/valparaisoediciones.es\/noticias\/#website\",\"url\":\"https:\/\/valparaisoediciones.es\/noticias\/\",\"name\":\"Valparaiso Ediciones\",\"description\":\"Noticias\",\"publisher\":{\"@id\":\"https:\/\/valparaisoediciones.es\/noticias\/#organization\"},\"potentialAction\":[{\"@type\":\"SearchAction\",\"target\":{\"@type\":\"EntryPoint\",\"urlTemplate\":\"https:\/\/valparaisoediciones.es\/noticias\/?s={search_term_string}\"},\"query-input\":{\"@type\":\"PropertyValueSpecification\",\"valueRequired\":true,\"valueName\":\"search_term_string\"}}],\"inLanguage\":\"es\"},{\"@type\":\"Organization\",\"@id\":\"https:\/\/valparaisoediciones.es\/noticias\/#organization\",\"name\":\"Valpara\u00edso Ediciones\",\"url\":\"https:\/\/valparaisoediciones.es\/noticias\/\",\"logo\":{\"@type\":\"ImageObject\",\"inLanguage\":\"es\",\"@id\":\"https:\/\/valparaisoediciones.es\/noticias\/#\/schema\/logo\/image\/\",\"url\":\"http:\/\/valparaisoediciones.es\/noticias\/wp-content\/uploads\/2012\/12\/logo.png\",\"contentUrl\":\"http:\/\/valparaisoediciones.es\/noticias\/wp-content\/uploads\/2012\/12\/logo.png\",\"width\":320,\"height\":121,\"caption\":\"Valpara\u00edso Ediciones\"},\"image\":{\"@id\":\"https:\/\/valparaisoediciones.es\/noticias\/#\/schema\/logo\/image\/\"},\"sameAs\":[\"https:\/\/www.facebook.com\/valparaiso.ediciones\",\"https:\/\/x.com\/ValparaisoEd\"]},{\"@type\":\"Person\",\"@id\":\"https:\/\/valparaisoediciones.es\/noticias\/#\/schema\/person\/a23eb8fd06a3539c8ffe2230e32817f1\",\"name\":\"Administrador\",\"image\":{\"@type\":\"ImageObject\",\"inLanguage\":\"es\",\"@id\":\"https:\/\/valparaisoediciones.es\/noticias\/#\/schema\/person\/image\/\",\"url\":\"https:\/\/secure.gravatar.com\/avatar\/7bca4ba132c9cf6584007b282c38c7c3c01797d94c033ae2f6efa9a85b829dcd?s=96&d=blank&r=g\",\"contentUrl\":\"https:\/\/secure.gravatar.com\/avatar\/7bca4ba132c9cf6584007b282c38c7c3c01797d94c033ae2f6efa9a85b829dcd?s=96&d=blank&r=g\",\"caption\":\"Administrador\"},\"sameAs\":[\"http:\/\/valparaisoediciones.es\"],\"url\":\"https:\/\/valparaisoediciones.es\/noticias\/author\/administrador\/\"}]}<\/script>\n<!-- \/ Yoast SEO plugin. -->","yoast_head_json":{"title":"V PREMIO VALPARA\u00cdSO DE POES\u00cdA (FORMULARIO) - Valparaiso Ediciones","robots":{"index":"index","follow":"follow","max-snippet":"max-snippet:-1","max-image-preview":"max-image-preview:large","max-video-preview":"max-video-preview:-1"},"canonical":"https:\/\/valparaisoediciones.es\/noticias\/2019\/09\/v-premio-valparaiso-de-poesia-formulario\/","og_locale":"es_ES","og_type":"article","og_title":"V PREMIO VALPARA\u00cdSO DE POES\u00cdA (FORMULARIO) - Valparaiso Ediciones","og_description":"La editorial Valpara\u00edso Ediciones S.L. convoca el V Premio Valpara\u00edso de Poes\u00eda.","og_url":"https:\/\/valparaisoediciones.es\/noticias\/2019\/09\/v-premio-valparaiso-de-poesia-formulario\/","og_site_name":"Valparaiso Ediciones","article_publisher":"https:\/\/www.facebook.com\/valparaiso.ediciones","article_published_time":"2019-09-26T07:58:53+00:00","article_modified_time":"2021-01-28T07:15:25+00:00","og_image":[{"width":626,"height":596,"url":"https:\/\/valparaisoediciones.es\/noticias\/wp-content\/uploads\/2015\/06\/valparaiso_premio_color-01.jpg","type":"image\/jpeg"}],"author":"Administrador","twitter_card":"summary_large_image","twitter_creator":"@ValparaisoEd","twitter_site":"@ValparaisoEd","twitter_misc":{"Escrito por":"Administrador","Tiempo de lectura":"3 minutos"},"schema":{"@context":"https:\/\/schema.org","@graph":[{"@type":"Article","@id":"https:\/\/valparaisoediciones.es\/noticias\/2019\/09\/v-premio-valparaiso-de-poesia-formulario\/#article","isPartOf":{"@id":"https:\/\/valparaisoediciones.es\/noticias\/2019\/09\/v-premio-valparaiso-de-poesia-formulario\/"},"author":{"name":"Administrador","@id":"https:\/\/valparaisoediciones.es\/noticias\/#\/schema\/person\/a23eb8fd06a3539c8ffe2230e32817f1"},"headline":"V PREMIO VALPARA\u00cdSO DE POES\u00cdA (FORMULARIO)","datePublished":"2019-09-26T07:58:53+00:00","dateModified":"2021-01-28T07:15:25+00:00","mainEntityOfPage":{"@id":"https:\/\/valparaisoediciones.es\/noticias\/2019\/09\/v-premio-valparaiso-de-poesia-formulario\/"},"wordCount":571,"publisher":{"@id":"https:\/\/valparaisoediciones.es\/noticias\/#organization"},"image":{"@id":"https:\/\/valparaisoediciones.es\/noticias\/2019\/09\/v-premio-valparaiso-de-poesia-formulario\/#primaryimage"},"thumbnailUrl":"https:\/\/valparaisoediciones.es\/noticias\/wp-content\/uploads\/2015\/06\/valparaiso_premio_color-01.jpg","keywords":["Espa\u00f1a","poes\u00eda","Premio","Valpara\u00edso"],"articleSection":["Premio Valpara\u00edso de Poes\u00eda","Premios"],"inLanguage":"es"},{"@type":"WebPage","@id":"https:\/\/valparaisoediciones.es\/noticias\/2019\/09\/v-premio-valparaiso-de-poesia-formulario\/","url":"https:\/\/valparaisoediciones.es\/noticias\/2019\/09\/v-premio-valparaiso-de-poesia-formulario\/","name":"V PREMIO VALPARA\u00cdSO DE POES\u00cdA (FORMULARIO) - Valparaiso Ediciones","isPartOf":{"@id":"https:\/\/valparaisoediciones.es\/noticias\/#website"},"primaryImageOfPage":{"@id":"https:\/\/valparaisoediciones.es\/noticias\/2019\/09\/v-premio-valparaiso-de-poesia-formulario\/#primaryimage"},"image":{"@id":"https:\/\/valparaisoediciones.es\/noticias\/2019\/09\/v-premio-valparaiso-de-poesia-formulario\/#primaryimage"},"thumbnailUrl":"https:\/\/valparaisoediciones.es\/noticias\/wp-content\/uploads\/2015\/06\/valparaiso_premio_color-01.jpg","datePublished":"2019-09-26T07:58:53+00:00","dateModified":"2021-01-28T07:15:25+00:00","breadcrumb":{"@id":"https:\/\/valparaisoediciones.es\/noticias\/2019\/09\/v-premio-valparaiso-de-poesia-formulario\/#breadcrumb"},"inLanguage":"es","potentialAction":[{"@type":"ReadAction","target":["https:\/\/valparaisoediciones.es\/noticias\/2019\/09\/v-premio-valparaiso-de-poesia-formulario\/"]}]},{"@type":"ImageObject","inLanguage":"es","@id":"https:\/\/valparaisoediciones.es\/noticias\/2019\/09\/v-premio-valparaiso-de-poesia-formulario\/#primaryimage","url":"https:\/\/valparaisoediciones.es\/noticias\/wp-content\/uploads\/2015\/06\/valparaiso_premio_color-01.jpg","contentUrl":"https:\/\/valparaisoediciones.es\/noticias\/wp-content\/uploads\/2015\/06\/valparaiso_premio_color-01.jpg","width":626,"height":596,"caption":"Premio Poes\u00eda Valpara\u00edso Ediciones"},{"@type":"BreadcrumbList","@id":"https:\/\/valparaisoediciones.es\/noticias\/2019\/09\/v-premio-valparaiso-de-poesia-formulario\/#breadcrumb","itemListElement":[{"@type":"ListItem","position":1,"name":"Portada","item":"https:\/\/valparaisoediciones.es\/noticias\/"},{"@type":"ListItem","position":2,"name":"V PREMIO VALPARA\u00cdSO DE POES\u00cdA (FORMULARIO)"}]},{"@type":"WebSite","@id":"https:\/\/valparaisoediciones.es\/noticias\/#website","url":"https:\/\/valparaisoediciones.es\/noticias\/","name":"Valparaiso Ediciones","description":"Noticias","publisher":{"@id":"https:\/\/valparaisoediciones.es\/noticias\/#organization"},"potentialAction":[{"@type":"SearchAction","target":{"@type":"EntryPoint","urlTemplate":"https:\/\/valparaisoediciones.es\/noticias\/?s={search_term_string}"},"query-input":{"@type":"PropertyValueSpecification","valueRequired":true,"valueName":"search_term_string"}}],"inLanguage":"es"},{"@type":"Organization","@id":"https:\/\/valparaisoediciones.es\/noticias\/#organization","name":"Valpara\u00edso Ediciones","url":"https:\/\/valparaisoediciones.es\/noticias\/","logo":{"@type":"ImageObject","inLanguage":"es","@id":"https:\/\/valparaisoediciones.es\/noticias\/#\/schema\/logo\/image\/","url":"http:\/\/valparaisoediciones.es\/noticias\/wp-content\/uploads\/2012\/12\/logo.png","contentUrl":"http:\/\/valparaisoediciones.es\/noticias\/wp-content\/uploads\/2012\/12\/logo.png","width":320,"height":121,"caption":"Valpara\u00edso Ediciones"},"image":{"@id":"https:\/\/valparaisoediciones.es\/noticias\/#\/schema\/logo\/image\/"},"sameAs":["https:\/\/www.facebook.com\/valparaiso.ediciones","https:\/\/x.com\/ValparaisoEd"]},{"@type":"Person","@id":"https:\/\/valparaisoediciones.es\/noticias\/#\/schema\/person\/a23eb8fd06a3539c8ffe2230e32817f1","name":"Administrador","image":{"@type":"ImageObject","inLanguage":"es","@id":"https:\/\/valparaisoediciones.es\/noticias\/#\/schema\/person\/image\/","url":"https:\/\/secure.gravatar.com\/avatar\/7bca4ba132c9cf6584007b282c38c7c3c01797d94c033ae2f6efa9a85b829dcd?s=96&d=blank&r=g","contentUrl":"https:\/\/secure.gravatar.com\/avatar\/7bca4ba132c9cf6584007b282c38c7c3c01797d94c033ae2f6efa9a85b829dcd?s=96&d=blank&r=g","caption":"Administrador"},"sameAs":["http:\/\/valparaisoediciones.es"],"url":"https:\/\/valparaisoediciones.es\/noticias\/author\/administrador\/"}]}},"_links":{"self":[{"href":"https:\/\/valparaisoediciones.es\/noticias\/wp-json\/wp\/v2\/posts\/721","targetHints":{"allow":["GET"]}}],"collection":[{"href":"https:\/\/valparaisoediciones.es\/noticias\/wp-json\/wp\/v2\/posts"}],"about":[{"href":"https:\/\/valparaisoediciones.es\/noticias\/wp-json\/wp\/v2\/types\/post"}],"author":[{"embeddable":true,"href":"https:\/\/valparaisoediciones.es\/noticias\/wp-json\/wp\/v2\/users\/3"}],"replies":[{"embeddable":true,"href":"https:\/\/valparaisoediciones.es\/noticias\/wp-json\/wp\/v2\/comments?post=721"}],"version-history":[{"count":7,"href":"https:\/\/valparaisoediciones.es\/noticias\/wp-json\/wp\/v2\/posts\/721\/revisions"}],"predecessor-version":[{"id":729,"href":"https:\/\/valparaisoediciones.es\/noticias\/wp-json\/wp\/v2\/posts\/721\/revisions\/729"}],"wp:featuredmedia":[{"embeddable":true,"href":"https:\/\/valparaisoediciones.es\/noticias\/wp-json\/wp\/v2\/media\/607"}],"wp:attachment":[{"href":"https:\/\/valparaisoediciones.es\/noticias\/wp-json\/wp\/v2\/media?parent=721"}],"wp:term":[{"taxonomy":"category","embeddable":true,"href":"https:\/\/valparaisoediciones.es\/noticias\/wp-json\/wp\/v2\/categories?post=721"},{"taxonomy":"post_tag","embeddable":true,"href":"https:\/\/valparaisoediciones.es\/noticias\/wp-json\/wp\/v2\/tags?post=721"}],"curies":[{"name":"wp","href":"https:\/\/api.w.org\/{rel}","templated":true}]}}