{"id":738,"date":"2020-01-24T07:36:15","date_gmt":"2020-01-24T07:36:15","guid":{"rendered":"http:\/\/valparaisoediciones.es\/noticias\/?p=738"},"modified":"2020-01-24T07:42:06","modified_gmt":"2020-01-24T07:42:06","slug":"ii-premio-de-poesia-hispanoamericana-francisco-ruiz-udiel","status":"publish","type":"post","link":"https:\/\/valparaisoediciones.es\/noticias\/2020\/01\/ii-premio-de-poesia-hispanoamericana-francisco-ruiz-udiel\/","title":{"rendered":"II Premio de Poes\u00eda Hispanoamericana Francisco Ruiz Udiel"},"content":{"rendered":"\n<p>La editorial Valpara\u00edso Ediciones S.L convoca el II Premio de Poes\u00eda Hispanoamericana<br> atendiendo a las siguientes bases:<\/p>\n\n\n<p><!--more--><img loading=\"lazy\" decoding=\"async\" class=\"aligncenter size-full wp-image-739\" src=\"http:\/\/valparaisoediciones.es\/noticias\/wp-content\/uploads\/2020\/01\/II-Premio-Francisco-Ruiz.jpg\" alt=\"\" width=\"599\" height=\"850\" srcset=\"https:\/\/valparaisoediciones.es\/noticias\/wp-content\/uploads\/2020\/01\/II-Premio-Francisco-Ruiz.jpg 599w, https:\/\/valparaisoediciones.es\/noticias\/wp-content\/uploads\/2020\/01\/II-Premio-Francisco-Ruiz-211x300.jpg 211w\" sizes=\"auto, (max-width: 599px) 100vw, 599px\" \/><\/p>\n<p><\/p>\n<p>1 &#8211; Podr\u00e1n concursar en este premio autores de hasta 30 a\u00f1os de edad (nacidos despu\u00e9s del 1 de enero de 1990), originarios de cualquiera de los pa\u00edses de Am\u00e9rica.<\/p>\n<p> <\/p>\n<p>2 &#8211; Los originales presentados deber\u00e1n estar escritos en espa\u00f1ol.<\/p>\n<p> <\/p>\n<p>3 &#8211; El tema y la extensi\u00f3n ser\u00e1n libres, si bien debe tenerse en cuenta la habitual para un libro de poemas (m\u00ednimo recomendado de 60 p\u00e1ginas).<\/p>\n<p> <\/p>\n<p>4 &#8211; Los originales presentados deber\u00e1n ser in\u00e9ditos. Si entre el momento de finalizaci\u00f3n del plazo de presentaci\u00f3n y la concesi\u00f3n del premio, alguno de los trabajos<br \/>presentados obtuviera otro premio, el autor deber\u00e1 comunicarlo por escrito o correo electr\u00f3nico a Valpara\u00edso Ediciones a fin de que el Jurado no tenga en consideraci\u00f3n<br \/>el libro.<\/p>\n<p> <\/p>\n<p>5 &#8211; Las obras estar\u00e1n firmadas. No est\u00e1 permitido presentarse bajo pseud\u00f3nimo o plica. El autor deber\u00e1 de acompa\u00f1ar en la primera p\u00e1gina del libro una nota biogr\u00e1fica y una fotograf\u00eda reciente, indicando claramente los siguientes datos: nombre, apellidos, direcci\u00f3n postal, tel\u00e9fono de contacto y direcci\u00f3n de correo electr\u00f3nico.<\/p>\n<p> <\/p>\n<p>6 &#8211; Los originales se presentar\u00e1n en una \u00fanica copia debidamente cosida o encuadernada, hasta el 4 de agosto de 2020, a<\/p>\n<p> <\/p>\n<p><br \/>Valpara\u00edso Ediciones, Premio de Poes\u00eda<br \/>Hispanoamericana,<br \/>C\/ Fray Leopoldo, 7 Bajo, C.P. 18014 Granada<br \/>(Espa\u00f1a)<\/p>\n<p> <\/p>\n<p><br \/>pudiendo optar por enviarla a trav\u00e9s de correo electr\u00f3nico a la siguiente direcci\u00f3n:<br \/>premioruizudiel@valparaisoediciones.es<\/p>\n<p> <\/p>\n<p>7 &#8211; El jurado estar\u00e1 compuesto por cuatro miembros: un representante de Valpara\u00edso USA, un representante de Valpara\u00edso Colombia, un representante de Valpara\u00edso<br \/>Espa\u00f1a y un autor de reconocido prestigio. Sus nombres se dar\u00e1n a conocer en el momento del fallo del premio, que tendr\u00e1 lugar a lo largo del mes de septiembre de 2020 en Bogot\u00e1 durante la celebraci\u00f3n del Festival Las L\u00edneas de su Mano.<\/p>\n<p> <\/p>\n<p>8 &#8211; El premio consistir\u00e1 en la publicaci\u00f3n del libro en la Colecci\u00f3n de Poes\u00eda de Valpara\u00edso Ediciones y ser\u00e1 distribuido en Espa\u00f1a y Colombia. La editorial mantendr\u00e1<br \/>y comercializar\u00e1 los derechos de la obra en cualquier idioma y podr\u00e1 publicarla en sus otras filiales de Centroam\u00e9rica y Estados Unidos en el caso de que lo considere oportuno, sin caducidad de los mismos. Tambi\u00e9n publicar\u00e1 una edici\u00f3n electr\u00f3nica de la obra ganadora. El autor percibir\u00e1 los correspondientes derechos por la comercializaci\u00f3n de su obra.<\/p>\n<p> <\/p>\n<p>9 &#8211; El libro ser\u00e1 presentado en el primer semestre de 2021. El autor se compromete a participar en los actos promocionales que pueda organizar la editorial, sin coste para el autor, con el fin de lograr la m\u00e1xima difusi\u00f3n de su obra.<\/p>\n<p> <\/p>\n<p>10 &#8211; El jurado podr\u00e1 optar entre seleccionar un solo libro como ganador, declarar a dos libros ganadores ex-aequo o dejar desierto el premio.<\/p>\n<p> <\/p>\n<p>11 &#8211; Una vez presentados, los trabajos no podr\u00e1n ser retirados antes de que el jurado emita su fallo, excepto en lo previsto en la base 4\u00aa.<\/p>\n<p> <\/p>\n<p>12 &#8211; Los trabajos no premiados en ning\u00fan caso ser\u00e1n devueltos a sus autores y ser\u00e1n destruidos tras la deliberaci\u00f3n del jurado.<\/p>\n<p> <\/p>\n<p>13 &#8211; La presentaci\u00f3n a este premio supone la aceptaci\u00f3n plena de sus bases.<\/p>\n<p><\/p>","protected":false},"excerpt":{"rendered":"<p>La editorial Valpara\u00edso Ediciones S.L convoca el II Premio de Poes\u00eda Hispanoamericana atendiendo a las siguientes bases:<\/p>\n","protected":false},"author":3,"featured_media":739,"comment_status":"open","ping_status":"open","sticky":false,"template":"","format":"standard","meta":{"footnotes":""},"categories":[279,4],"tags":[257,6,255,256],"class_list":["post-738","post","type-post","status-publish","format-standard","has-post-thumbnail","hentry","category-premio-hispanoamericano-francisco-ruiz-udiel","category-premios","tag-hispanoamericana","tag-premio","tag-ruiz","tag-udiel"],"yoast_head":"<!-- This site is optimized with the Yoast SEO plugin v24.7 - https:\/\/yoast.com\/wordpress\/plugins\/seo\/ -->\n<title>II Premio de Poes\u00eda Hispanoamericana Francisco Ruiz Udiel - Valparaiso Ediciones<\/title>\n<meta name=\"robots\" content=\"index, follow, max-snippet:-1, max-image-preview:large, max-video-preview:-1\" \/>\n<link rel=\"canonical\" href=\"https:\/\/valparaisoediciones.es\/noticias\/2020\/01\/ii-premio-de-poesia-hispanoamericana-francisco-ruiz-udiel\/\" \/>\n<meta property=\"og:locale\" content=\"es_ES\" \/>\n<meta property=\"og:type\" content=\"article\" \/>\n<meta property=\"og:title\" content=\"II Premio de Poes\u00eda Hispanoamericana Francisco Ruiz Udiel - Valparaiso Ediciones\" \/>\n<meta property=\"og:description\" content=\"La editorial Valpara\u00edso Ediciones S.L convoca el II Premio de Poes\u00eda Hispanoamericana atendiendo a las siguientes bases:\" \/>\n<meta property=\"og:url\" content=\"https:\/\/valparaisoediciones.es\/noticias\/2020\/01\/ii-premio-de-poesia-hispanoamericana-francisco-ruiz-udiel\/\" \/>\n<meta property=\"og:site_name\" content=\"Valparaiso Ediciones\" \/>\n<meta property=\"article:publisher\" content=\"https:\/\/www.facebook.com\/valparaiso.ediciones\" \/>\n<meta property=\"article:published_time\" content=\"2020-01-24T07:36:15+00:00\" \/>\n<meta property=\"article:modified_time\" content=\"2020-01-24T07:42:06+00:00\" \/>\n<meta property=\"og:image\" content=\"https:\/\/valparaisoediciones.es\/noticias\/wp-content\/uploads\/2020\/01\/II-Premio-Francisco-Ruiz.jpg\" \/>\n\t<meta property=\"og:image:width\" content=\"599\" \/>\n\t<meta property=\"og:image:height\" content=\"850\" \/>\n\t<meta property=\"og:image:type\" content=\"image\/jpeg\" \/>\n<meta name=\"author\" content=\"Administrador\" \/>\n<meta name=\"twitter:card\" content=\"summary_large_image\" \/>\n<meta name=\"twitter:creator\" content=\"@ValparaisoEd\" \/>\n<meta name=\"twitter:site\" content=\"@ValparaisoEd\" \/>\n<meta name=\"twitter:label1\" content=\"Escrito por\" \/>\n\t<meta name=\"twitter:data1\" content=\"Administrador\" \/>\n\t<meta name=\"twitter:label2\" content=\"Tiempo de lectura\" \/>\n\t<meta name=\"twitter:data2\" content=\"3 minutos\" \/>\n<script type=\"application\/ld+json\" class=\"yoast-schema-graph\">{\"@context\":\"https:\/\/schema.org\",\"@graph\":[{\"@type\":\"Article\",\"@id\":\"https:\/\/valparaisoediciones.es\/noticias\/2020\/01\/ii-premio-de-poesia-hispanoamericana-francisco-ruiz-udiel\/#article\",\"isPartOf\":{\"@id\":\"https:\/\/valparaisoediciones.es\/noticias\/2020\/01\/ii-premio-de-poesia-hispanoamericana-francisco-ruiz-udiel\/\"},\"author\":{\"name\":\"Administrador\",\"@id\":\"https:\/\/valparaisoediciones.es\/noticias\/#\/schema\/person\/a23eb8fd06a3539c8ffe2230e32817f1\"},\"headline\":\"II Premio de Poes\u00eda Hispanoamericana Francisco Ruiz Udiel\",\"datePublished\":\"2020-01-24T07:36:15+00:00\",\"dateModified\":\"2020-01-24T07:42:06+00:00\",\"mainEntityOfPage\":{\"@id\":\"https:\/\/valparaisoediciones.es\/noticias\/2020\/01\/ii-premio-de-poesia-hispanoamericana-francisco-ruiz-udiel\/\"},\"wordCount\":569,\"commentCount\":0,\"publisher\":{\"@id\":\"https:\/\/valparaisoediciones.es\/noticias\/#organization\"},\"image\":{\"@id\":\"https:\/\/valparaisoediciones.es\/noticias\/2020\/01\/ii-premio-de-poesia-hispanoamericana-francisco-ruiz-udiel\/#primaryimage\"},\"thumbnailUrl\":\"https:\/\/valparaisoediciones.es\/noticias\/wp-content\/uploads\/2020\/01\/II-Premio-Francisco-Ruiz.jpg\",\"keywords\":[\"Hispanoamericana\",\"Premio\",\"Ruiz\",\"Udiel\"],\"articleSection\":[\"Premio Hispanoamericano Francisco Ruiz Udiel\",\"Premios\"],\"inLanguage\":\"es\",\"potentialAction\":[{\"@type\":\"CommentAction\",\"name\":\"Comment\",\"target\":[\"https:\/\/valparaisoediciones.es\/noticias\/2020\/01\/ii-premio-de-poesia-hispanoamericana-francisco-ruiz-udiel\/#respond\"]}]},{\"@type\":\"WebPage\",\"@id\":\"https:\/\/valparaisoediciones.es\/noticias\/2020\/01\/ii-premio-de-poesia-hispanoamericana-francisco-ruiz-udiel\/\",\"url\":\"https:\/\/valparaisoediciones.es\/noticias\/2020\/01\/ii-premio-de-poesia-hispanoamericana-francisco-ruiz-udiel\/\",\"name\":\"II Premio de Poes\u00eda Hispanoamericana Francisco Ruiz Udiel - Valparaiso Ediciones\",\"isPartOf\":{\"@id\":\"https:\/\/valparaisoediciones.es\/noticias\/#website\"},\"primaryImageOfPage\":{\"@id\":\"https:\/\/valparaisoediciones.es\/noticias\/2020\/01\/ii-premio-de-poesia-hispanoamericana-francisco-ruiz-udiel\/#primaryimage\"},\"image\":{\"@id\":\"https:\/\/valparaisoediciones.es\/noticias\/2020\/01\/ii-premio-de-poesia-hispanoamericana-francisco-ruiz-udiel\/#primaryimage\"},\"thumbnailUrl\":\"https:\/\/valparaisoediciones.es\/noticias\/wp-content\/uploads\/2020\/01\/II-Premio-Francisco-Ruiz.jpg\",\"datePublished\":\"2020-01-24T07:36:15+00:00\",\"dateModified\":\"2020-01-24T07:42:06+00:00\",\"breadcrumb\":{\"@id\":\"https:\/\/valparaisoediciones.es\/noticias\/2020\/01\/ii-premio-de-poesia-hispanoamericana-francisco-ruiz-udiel\/#breadcrumb\"},\"inLanguage\":\"es\",\"potentialAction\":[{\"@type\":\"ReadAction\",\"target\":[\"https:\/\/valparaisoediciones.es\/noticias\/2020\/01\/ii-premio-de-poesia-hispanoamericana-francisco-ruiz-udiel\/\"]}]},{\"@type\":\"ImageObject\",\"inLanguage\":\"es\",\"@id\":\"https:\/\/valparaisoediciones.es\/noticias\/2020\/01\/ii-premio-de-poesia-hispanoamericana-francisco-ruiz-udiel\/#primaryimage\",\"url\":\"https:\/\/valparaisoediciones.es\/noticias\/wp-content\/uploads\/2020\/01\/II-Premio-Francisco-Ruiz.jpg\",\"contentUrl\":\"https:\/\/valparaisoediciones.es\/noticias\/wp-content\/uploads\/2020\/01\/II-Premio-Francisco-Ruiz.jpg\",\"width\":599,\"height\":850},{\"@type\":\"BreadcrumbList\",\"@id\":\"https:\/\/valparaisoediciones.es\/noticias\/2020\/01\/ii-premio-de-poesia-hispanoamericana-francisco-ruiz-udiel\/#breadcrumb\",\"itemListElement\":[{\"@type\":\"ListItem\",\"position\":1,\"name\":\"Portada\",\"item\":\"https:\/\/valparaisoediciones.es\/noticias\/\"},{\"@type\":\"ListItem\",\"position\":2,\"name\":\"II Premio de Poes\u00eda Hispanoamericana Francisco Ruiz Udiel\"}]},{\"@type\":\"WebSite\",\"@id\":\"https:\/\/valparaisoediciones.es\/noticias\/#website\",\"url\":\"https:\/\/valparaisoediciones.es\/noticias\/\",\"name\":\"Valparaiso Ediciones\",\"description\":\"Noticias\",\"publisher\":{\"@id\":\"https:\/\/valparaisoediciones.es\/noticias\/#organization\"},\"potentialAction\":[{\"@type\":\"SearchAction\",\"target\":{\"@type\":\"EntryPoint\",\"urlTemplate\":\"https:\/\/valparaisoediciones.es\/noticias\/?s={search_term_string}\"},\"query-input\":{\"@type\":\"PropertyValueSpecification\",\"valueRequired\":true,\"valueName\":\"search_term_string\"}}],\"inLanguage\":\"es\"},{\"@type\":\"Organization\",\"@id\":\"https:\/\/valparaisoediciones.es\/noticias\/#organization\",\"name\":\"Valpara\u00edso Ediciones\",\"url\":\"https:\/\/valparaisoediciones.es\/noticias\/\",\"logo\":{\"@type\":\"ImageObject\",\"inLanguage\":\"es\",\"@id\":\"https:\/\/valparaisoediciones.es\/noticias\/#\/schema\/logo\/image\/\",\"url\":\"http:\/\/valparaisoediciones.es\/noticias\/wp-content\/uploads\/2012\/12\/logo.png\",\"contentUrl\":\"http:\/\/valparaisoediciones.es\/noticias\/wp-content\/uploads\/2012\/12\/logo.png\",\"width\":320,\"height\":121,\"caption\":\"Valpara\u00edso Ediciones\"},\"image\":{\"@id\":\"https:\/\/valparaisoediciones.es\/noticias\/#\/schema\/logo\/image\/\"},\"sameAs\":[\"https:\/\/www.facebook.com\/valparaiso.ediciones\",\"https:\/\/x.com\/ValparaisoEd\"]},{\"@type\":\"Person\",\"@id\":\"https:\/\/valparaisoediciones.es\/noticias\/#\/schema\/person\/a23eb8fd06a3539c8ffe2230e32817f1\",\"name\":\"Administrador\",\"image\":{\"@type\":\"ImageObject\",\"inLanguage\":\"es\",\"@id\":\"https:\/\/valparaisoediciones.es\/noticias\/#\/schema\/person\/image\/\",\"url\":\"https:\/\/secure.gravatar.com\/avatar\/7bca4ba132c9cf6584007b282c38c7c3c01797d94c033ae2f6efa9a85b829dcd?s=96&d=blank&r=g\",\"contentUrl\":\"https:\/\/secure.gravatar.com\/avatar\/7bca4ba132c9cf6584007b282c38c7c3c01797d94c033ae2f6efa9a85b829dcd?s=96&d=blank&r=g\",\"caption\":\"Administrador\"},\"sameAs\":[\"http:\/\/valparaisoediciones.es\"],\"url\":\"https:\/\/valparaisoediciones.es\/noticias\/author\/administrador\/\"}]}<\/script>\n<!-- \/ Yoast SEO plugin. -->","yoast_head_json":{"title":"II Premio de Poes\u00eda Hispanoamericana Francisco Ruiz Udiel - Valparaiso Ediciones","robots":{"index":"index","follow":"follow","max-snippet":"max-snippet:-1","max-image-preview":"max-image-preview:large","max-video-preview":"max-video-preview:-1"},"canonical":"https:\/\/valparaisoediciones.es\/noticias\/2020\/01\/ii-premio-de-poesia-hispanoamericana-francisco-ruiz-udiel\/","og_locale":"es_ES","og_type":"article","og_title":"II Premio de Poes\u00eda Hispanoamericana Francisco Ruiz Udiel - Valparaiso Ediciones","og_description":"La editorial Valpara\u00edso Ediciones S.L convoca el II Premio de Poes\u00eda Hispanoamericana atendiendo a las siguientes bases:","og_url":"https:\/\/valparaisoediciones.es\/noticias\/2020\/01\/ii-premio-de-poesia-hispanoamericana-francisco-ruiz-udiel\/","og_site_name":"Valparaiso Ediciones","article_publisher":"https:\/\/www.facebook.com\/valparaiso.ediciones","article_published_time":"2020-01-24T07:36:15+00:00","article_modified_time":"2020-01-24T07:42:06+00:00","og_image":[{"width":599,"height":850,"url":"https:\/\/valparaisoediciones.es\/noticias\/wp-content\/uploads\/2020\/01\/II-Premio-Francisco-Ruiz.jpg","type":"image\/jpeg"}],"author":"Administrador","twitter_card":"summary_large_image","twitter_creator":"@ValparaisoEd","twitter_site":"@ValparaisoEd","twitter_misc":{"Escrito por":"Administrador","Tiempo de lectura":"3 minutos"},"schema":{"@context":"https:\/\/schema.org","@graph":[{"@type":"Article","@id":"https:\/\/valparaisoediciones.es\/noticias\/2020\/01\/ii-premio-de-poesia-hispanoamericana-francisco-ruiz-udiel\/#article","isPartOf":{"@id":"https:\/\/valparaisoediciones.es\/noticias\/2020\/01\/ii-premio-de-poesia-hispanoamericana-francisco-ruiz-udiel\/"},"author":{"name":"Administrador","@id":"https:\/\/valparaisoediciones.es\/noticias\/#\/schema\/person\/a23eb8fd06a3539c8ffe2230e32817f1"},"headline":"II Premio de Poes\u00eda Hispanoamericana Francisco Ruiz Udiel","datePublished":"2020-01-24T07:36:15+00:00","dateModified":"2020-01-24T07:42:06+00:00","mainEntityOfPage":{"@id":"https:\/\/valparaisoediciones.es\/noticias\/2020\/01\/ii-premio-de-poesia-hispanoamericana-francisco-ruiz-udiel\/"},"wordCount":569,"commentCount":0,"publisher":{"@id":"https:\/\/valparaisoediciones.es\/noticias\/#organization"},"image":{"@id":"https:\/\/valparaisoediciones.es\/noticias\/2020\/01\/ii-premio-de-poesia-hispanoamericana-francisco-ruiz-udiel\/#primaryimage"},"thumbnailUrl":"https:\/\/valparaisoediciones.es\/noticias\/wp-content\/uploads\/2020\/01\/II-Premio-Francisco-Ruiz.jpg","keywords":["Hispanoamericana","Premio","Ruiz","Udiel"],"articleSection":["Premio Hispanoamericano Francisco Ruiz Udiel","Premios"],"inLanguage":"es","potentialAction":[{"@type":"CommentAction","name":"Comment","target":["https:\/\/valparaisoediciones.es\/noticias\/2020\/01\/ii-premio-de-poesia-hispanoamericana-francisco-ruiz-udiel\/#respond"]}]},{"@type":"WebPage","@id":"https:\/\/valparaisoediciones.es\/noticias\/2020\/01\/ii-premio-de-poesia-hispanoamericana-francisco-ruiz-udiel\/","url":"https:\/\/valparaisoediciones.es\/noticias\/2020\/01\/ii-premio-de-poesia-hispanoamericana-francisco-ruiz-udiel\/","name":"II Premio de Poes\u00eda Hispanoamericana Francisco Ruiz Udiel - Valparaiso Ediciones","isPartOf":{"@id":"https:\/\/valparaisoediciones.es\/noticias\/#website"},"primaryImageOfPage":{"@id":"https:\/\/valparaisoediciones.es\/noticias\/2020\/01\/ii-premio-de-poesia-hispanoamericana-francisco-ruiz-udiel\/#primaryimage"},"image":{"@id":"https:\/\/valparaisoediciones.es\/noticias\/2020\/01\/ii-premio-de-poesia-hispanoamericana-francisco-ruiz-udiel\/#primaryimage"},"thumbnailUrl":"https:\/\/valparaisoediciones.es\/noticias\/wp-content\/uploads\/2020\/01\/II-Premio-Francisco-Ruiz.jpg","datePublished":"2020-01-24T07:36:15+00:00","dateModified":"2020-01-24T07:42:06+00:00","breadcrumb":{"@id":"https:\/\/valparaisoediciones.es\/noticias\/2020\/01\/ii-premio-de-poesia-hispanoamericana-francisco-ruiz-udiel\/#breadcrumb"},"inLanguage":"es","potentialAction":[{"@type":"ReadAction","target":["https:\/\/valparaisoediciones.es\/noticias\/2020\/01\/ii-premio-de-poesia-hispanoamericana-francisco-ruiz-udiel\/"]}]},{"@type":"ImageObject","inLanguage":"es","@id":"https:\/\/valparaisoediciones.es\/noticias\/2020\/01\/ii-premio-de-poesia-hispanoamericana-francisco-ruiz-udiel\/#primaryimage","url":"https:\/\/valparaisoediciones.es\/noticias\/wp-content\/uploads\/2020\/01\/II-Premio-Francisco-Ruiz.jpg","contentUrl":"https:\/\/valparaisoediciones.es\/noticias\/wp-content\/uploads\/2020\/01\/II-Premio-Francisco-Ruiz.jpg","width":599,"height":850},{"@type":"BreadcrumbList","@id":"https:\/\/valparaisoediciones.es\/noticias\/2020\/01\/ii-premio-de-poesia-hispanoamericana-francisco-ruiz-udiel\/#breadcrumb","itemListElement":[{"@type":"ListItem","position":1,"name":"Portada","item":"https:\/\/valparaisoediciones.es\/noticias\/"},{"@type":"ListItem","position":2,"name":"II Premio de Poes\u00eda Hispanoamericana Francisco Ruiz Udiel"}]},{"@type":"WebSite","@id":"https:\/\/valparaisoediciones.es\/noticias\/#website","url":"https:\/\/valparaisoediciones.es\/noticias\/","name":"Valparaiso Ediciones","description":"Noticias","publisher":{"@id":"https:\/\/valparaisoediciones.es\/noticias\/#organization"},"potentialAction":[{"@type":"SearchAction","target":{"@type":"EntryPoint","urlTemplate":"https:\/\/valparaisoediciones.es\/noticias\/?s={search_term_string}"},"query-input":{"@type":"PropertyValueSpecification","valueRequired":true,"valueName":"search_term_string"}}],"inLanguage":"es"},{"@type":"Organization","@id":"https:\/\/valparaisoediciones.es\/noticias\/#organization","name":"Valpara\u00edso Ediciones","url":"https:\/\/valparaisoediciones.es\/noticias\/","logo":{"@type":"ImageObject","inLanguage":"es","@id":"https:\/\/valparaisoediciones.es\/noticias\/#\/schema\/logo\/image\/","url":"http:\/\/valparaisoediciones.es\/noticias\/wp-content\/uploads\/2012\/12\/logo.png","contentUrl":"http:\/\/valparaisoediciones.es\/noticias\/wp-content\/uploads\/2012\/12\/logo.png","width":320,"height":121,"caption":"Valpara\u00edso Ediciones"},"image":{"@id":"https:\/\/valparaisoediciones.es\/noticias\/#\/schema\/logo\/image\/"},"sameAs":["https:\/\/www.facebook.com\/valparaiso.ediciones","https:\/\/x.com\/ValparaisoEd"]},{"@type":"Person","@id":"https:\/\/valparaisoediciones.es\/noticias\/#\/schema\/person\/a23eb8fd06a3539c8ffe2230e32817f1","name":"Administrador","image":{"@type":"ImageObject","inLanguage":"es","@id":"https:\/\/valparaisoediciones.es\/noticias\/#\/schema\/person\/image\/","url":"https:\/\/secure.gravatar.com\/avatar\/7bca4ba132c9cf6584007b282c38c7c3c01797d94c033ae2f6efa9a85b829dcd?s=96&d=blank&r=g","contentUrl":"https:\/\/secure.gravatar.com\/avatar\/7bca4ba132c9cf6584007b282c38c7c3c01797d94c033ae2f6efa9a85b829dcd?s=96&d=blank&r=g","caption":"Administrador"},"sameAs":["http:\/\/valparaisoediciones.es"],"url":"https:\/\/valparaisoediciones.es\/noticias\/author\/administrador\/"}]}},"_links":{"self":[{"href":"https:\/\/valparaisoediciones.es\/noticias\/wp-json\/wp\/v2\/posts\/738","targetHints":{"allow":["GET"]}}],"collection":[{"href":"https:\/\/valparaisoediciones.es\/noticias\/wp-json\/wp\/v2\/posts"}],"about":[{"href":"https:\/\/valparaisoediciones.es\/noticias\/wp-json\/wp\/v2\/types\/post"}],"author":[{"embeddable":true,"href":"https:\/\/valparaisoediciones.es\/noticias\/wp-json\/wp\/v2\/users\/3"}],"replies":[{"embeddable":true,"href":"https:\/\/valparaisoediciones.es\/noticias\/wp-json\/wp\/v2\/comments?post=738"}],"version-history":[{"count":5,"href":"https:\/\/valparaisoediciones.es\/noticias\/wp-json\/wp\/v2\/posts\/738\/revisions"}],"predecessor-version":[{"id":796,"href":"https:\/\/valparaisoediciones.es\/noticias\/wp-json\/wp\/v2\/posts\/738\/revisions\/796"}],"wp:featuredmedia":[{"embeddable":true,"href":"https:\/\/valparaisoediciones.es\/noticias\/wp-json\/wp\/v2\/media\/739"}],"wp:attachment":[{"href":"https:\/\/valparaisoediciones.es\/noticias\/wp-json\/wp\/v2\/media?parent=738"}],"wp:term":[{"taxonomy":"category","embeddable":true,"href":"https:\/\/valparaisoediciones.es\/noticias\/wp-json\/wp\/v2\/categories?post=738"},{"taxonomy":"post_tag","embeddable":true,"href":"https:\/\/valparaisoediciones.es\/noticias\/wp-json\/wp\/v2\/tags?post=738"}],"curies":[{"name":"wp","href":"https:\/\/api.w.org\/{rel}","templated":true}]}}